{"id":209922,"date":"2026-03-10T11:04:14","date_gmt":"2026-03-10T10:04:14","guid":{"rendered":"https:\/\/rna.ao\/rna.ao\/?p=209922"},"modified":"2026-03-10T10:05:05","modified_gmt":"2026-03-10T09:05:05","slug":"casos-de-tuberculose-aumentam-na-provincia-do-bengo","status":"publish","type":"post","link":"https:\/\/rna.ao\/rna.ao\/2026\/03\/10\/casos-de-tuberculose-aumentam-na-provincia-do-bengo\/","title":{"rendered":"Casos de tuberculose aumentam na prov\u00edncia do Bengo"},"content":{"rendered":"<p><img loading=\"lazy\" class=\"alignnone size-full wp-image-35183\" src=\"https:\/\/rna.ao\/rna.ao\/wp-content\/uploads\/2021\/08\/Doentes-de-Tuberculose.jpg\" alt=\"\" width=\"640\" height=\"334\" \/><\/p>\n<p>Os casos de tuberculose continuam a aumentar na prov\u00edncia do Bengo, numa situa\u00e7\u00e3o que preocupa as autoridades sanit\u00e1rias locais.<\/p>\n<p>Dados divulgados pelas autoridades indicam que, durante o ano de 2025, foram registados mais de tr\u00eas mil casos da doen\u00e7a na prov\u00edncia.<\/p>\n<p>J\u00e1 no per\u00edodo de janeiro a fevereiro deste ano, foram diagnosticados cerca de quatrocentos novos casos de tuberculose. Jornalista Vladimiro Afonso. Clique no \u00e1udio abaixo e ou\u00e7a.<\/p>\n\t<div class=\"qtmplayer-playlist-large\">\n\t\t<ul class=\"qtmplayer-playlist\">\n\t\t\t\n\t\t\t\t\t<li class=\"qtmplayer-trackitem\">\n\t\t<img src=\"https:\/\/rna.ao\/rna.ao\/wp-content\/uploads\/2021\/08\/Doentes-de-Tuberculose-100x100.jpg\" alt=\"cover\">\t\t<span \t\t\tdata-qtmplayer-cover=\"https:\/\/rna.ao\/rna.ao\/wp-content\/uploads\/2021\/08\/Doentes-de-Tuberculose.jpg\"\n\t\t\t\t\t\tdata-qtmplayer-file=\"https:\/\/rna.ao\/rna.ao\/wp-content\/uploads\/2026\/03\/BENGO-TUBERCULOSE-07-HRS.mp3\"\n\t\t\t\t\t\tdata-qtmplayer-title=\"Casos de tuberculose aumentam na prov\u00edncia do Bengo\"\n\t\t\t\t\t\tdata-qtmplayer-artist=\"Carla Quipungo\"\n\t\t\t\t\t\tdata-qtmplayer-link=\"https:\/\/rna.ao\/rna.ao\/2026\/03\/10\/casos-de-tuberculose-aumentam-na-provincia-do-bengo\/\"\n\t\t\t\t\t\tdata-qtmplayer-icon=\"file_download\"\n\t\t\t\t\t\tdata-qtmplayer-type=\"track\"\n\t\t\t class=\"qtmplayer-play qtmplayer-link-sec qtmplayer-play-btn\"><i class='material-icons'>play_arrow<\/i><\/span>\n\t\t<p>\n\t\t\t<span class=\"qtmplayer-tit\">Casos de tuberculose aumentam na prov\u00edncia do Bengo<\/span>\n\t\t\t<span class=\"qtmplayer-art\">Carla Quipungo<\/span>\n\t\t<\/p>\n\t<\/li>\n\t\t<\/ul>\n\t<\/div>\t\t\t\n\t\n","protected":false},"excerpt":{"rendered":"<p>Os casos de tuberculose continuam a aumentar na prov\u00edncia do Bengo, numa situa\u00e7\u00e3o que preocupa as autoridades sanit\u00e1rias locais. Dados divulgados pelas autoridades indicam que, durante o ano de 2025, foram registados mais de tr\u00eas mil casos da doen\u00e7a na prov\u00edncia. J\u00e1 no per\u00edodo de janeiro a fevereiro deste ano, ...<\/p>\n","protected":false},"author":9,"featured_media":35183,"comment_status":"closed","ping_status":"closed","sticky":false,"template":"","format":"standard","meta":[],"categories":[142,121,163],"tags":[],"_links":{"self":[{"href":"https:\/\/rna.ao\/rna.ao\/wp-json\/wp\/v2\/posts\/209922"}],"collection":[{"href":"https:\/\/rna.ao\/rna.ao\/wp-json\/wp\/v2\/posts"}],"about":[{"href":"https:\/\/rna.ao\/rna.ao\/wp-json\/wp\/v2\/types\/post"}],"author":[{"embeddable":true,"href":"https:\/\/rna.ao\/rna.ao\/wp-json\/wp\/v2\/users\/9"}],"replies":[{"embeddable":true,"href":"https:\/\/rna.ao\/rna.ao\/wp-json\/wp\/v2\/comments?post=209922"}],"version-history":[{"count":2,"href":"https:\/\/rna.ao\/rna.ao\/wp-json\/wp\/v2\/posts\/209922\/revisions"}],"predecessor-version":[{"id":209930,"href":"https:\/\/rna.ao\/rna.ao\/wp-json\/wp\/v2\/posts\/209922\/revisions\/209930"}],"wp:featuredmedia":[{"embeddable":true,"href":"https:\/\/rna.ao\/rna.ao\/wp-json\/wp\/v2\/media\/35183"}],"wp:attachment":[{"href":"https:\/\/rna.ao\/rna.ao\/wp-json\/wp\/v2\/media?parent=209922"}],"wp:term":[{"taxonomy":"category","embeddable":true,"href":"https:\/\/rna.ao\/rna.ao\/wp-json\/wp\/v2\/categories?post=209922"},{"taxonomy":"post_tag","embeddable":true,"href":"https:\/\/rna.ao\/rna.ao\/wp-json\/wp\/v2\/tags?post=209922"}],"curies":[{"name":"wp","href":"https:\/\/api.w.org\/{rel}","templated":true}]}}