{"id":209915,"date":"2026-03-10T09:46:28","date_gmt":"2026-03-10T08:46:28","guid":{"rendered":"https:\/\/rna.ao\/rna.ao\/?p=209915"},"modified":"2026-03-10T19:46:19","modified_gmt":"2026-03-10T18:46:19","slug":"angolana-assume-posicao-de-lideranca-em-hospital-de-referencia-no-brasil","status":"publish","type":"post","link":"https:\/\/rna.ao\/rna.ao\/2026\/03\/10\/angolana-assume-posicao-de-lideranca-em-hospital-de-referencia-no-brasil\/","title":{"rendered":"Angolana assume posi\u00e7\u00e3o de lideran\u00e7a em hospital de refer\u00eancia no Brasil"},"content":{"rendered":"<p><img loading=\"lazy\" class=\"alignnone size-medium wp-image-209916\" src=\"https:\/\/rna.ao\/rna.ao\/wp-content\/uploads\/2026\/03\/b0438815-f898-45fb-a943-260901770e00-674x770.jpeg\" alt=\"\" width=\"674\" height=\"770\" srcset=\"https:\/\/rna.ao\/rna.ao\/wp-content\/uploads\/2026\/03\/b0438815-f898-45fb-a943-260901770e00-674x770.jpeg 674w, https:\/\/rna.ao\/rna.ao\/wp-content\/uploads\/2026\/03\/b0438815-f898-45fb-a943-260901770e00-1025x1170.jpeg 1025w, https:\/\/rna.ao\/rna.ao\/wp-content\/uploads\/2026\/03\/b0438815-f898-45fb-a943-260901770e00-768x877.jpeg 768w, https:\/\/rna.ao\/rna.ao\/wp-content\/uploads\/2026\/03\/b0438815-f898-45fb-a943-260901770e00.jpeg 1121w\" sizes=\"(max-width: 674px) 100vw, 674px\" \/><\/p>\n<p>Uma cidad\u00e3 angolana passou a integrar a lideran\u00e7a de uma das mais prestigiadas institui\u00e7\u00f5es de sa\u00fade da Am\u00e9rica Latina. Trata-se de Jadmira Queta, de 31 anos, que assumiu a fun\u00e7\u00e3o de Gestora de Pessoas na Presid\u00eancia do Hospital Israelita Albert Einstein, localizado em S\u00e3o Paulo, no Brasil.<span class=\"Apple-converted-space\">\u00a0<\/span><\/p>\n<p>Formada em Administra\u00e7\u00e3o de Empresas pela Universidade Anhanguera, Jadmira Queta iniciou a sua trajet\u00f3ria profissional no hospital em 2021, quando ingressou como assistente de atendimento. Ao longo de cinco anos, destacou-se pelo profissionalismo, dedica\u00e7\u00e3o e compromisso com a excel\u00eancia, o que lhe permitiu ascender progressivamente na carreira at\u00e9 alcan\u00e7ar uma posi\u00e7\u00e3o de lideran\u00e7a na Presid\u00eancia da institui\u00e7\u00e3o.<span class=\"Apple-converted-space\">\u00a0<\/span><\/p>\n<p>Com esta conquista, Jadmira Queta tornou-se a primeira estrangeira africana de nacionalidade angolana a assumir uma posi\u00e7\u00e3o de lideran\u00e7a na Presid\u00eancia do hospital, facto considerado um marco importante para a representatividade e valoriza\u00e7\u00e3o da diversidade no ambiente corporativo.<span class=\"Apple-converted-space\">\u00a0<\/span><\/p>\n<p>Em agosto de 2025, a profissional foi igualmente distinguida pelo ACNUR \u2013 Ag\u00eancia da ONU para Refugiados, na categoria \u201cEmpresas Transformando Vidas\u201d, reconhecimento atribu\u00eddo \u00e0 sua trajet\u00f3ria inspiradora e ao contributo para a promo\u00e7\u00e3o da inclus\u00e3o de imigrantes e refugiados no contexto profissional.<span class=\"Apple-converted-space\">\u00a0<\/span><\/p>\n<p>Durante o seu percurso na institui\u00e7\u00e3o, participou ainda em iniciativas institucionais relevantes, como o 116.\u00ba Encontro do BIC, evento que reuniu membros da alta lideran\u00e7a do hospital para debater, entre outros temas, os desafios enfrentados por imigrantes africanos no ambiente corporativo.<span class=\"Apple-converted-space\">\u00a0<\/span><\/p>\n<p>No plano social, Jadmira Queta integra tamb\u00e9m o programa interno \u201cEtnias\u201d, dedicado \u00e0 promo\u00e7\u00e3o da diversidade, inclus\u00e3o e combate \u00e0 discrimina\u00e7\u00e3o no local de trabalho, tendo participado igualmente em actividades alusivas ao Dia da Consci\u00eancia Negra. <span class=\"Apple-converted-space\">\u00a0<\/span><\/p>\n","protected":false},"excerpt":{"rendered":"<p>Uma cidad\u00e3 angolana passou a integrar a lideran\u00e7a de uma das mais prestigiadas institui\u00e7\u00f5es de sa\u00fade da Am\u00e9rica Latina. Trata-se de Jadmira Queta, de 31 anos, que assumiu a fun\u00e7\u00e3o de Gestora de Pessoas na Presid\u00eancia do Hospital Israelita Albert Einstein, localizado em S\u00e3o Paulo, no Brasil.\u00a0 Formada em Administra\u00e7\u00e3o ...<\/p>\n","protected":false},"author":9,"featured_media":209916,"comment_status":"closed","ping_status":"closed","sticky":false,"template":"","format":"standard","meta":[],"categories":[142,121,163],"tags":[],"_links":{"self":[{"href":"https:\/\/rna.ao\/rna.ao\/wp-json\/wp\/v2\/posts\/209915"}],"collection":[{"href":"https:\/\/rna.ao\/rna.ao\/wp-json\/wp\/v2\/posts"}],"about":[{"href":"https:\/\/rna.ao\/rna.ao\/wp-json\/wp\/v2\/types\/post"}],"author":[{"embeddable":true,"href":"https:\/\/rna.ao\/rna.ao\/wp-json\/wp\/v2\/users\/9"}],"replies":[{"embeddable":true,"href":"https:\/\/rna.ao\/rna.ao\/wp-json\/wp\/v2\/comments?post=209915"}],"version-history":[{"count":1,"href":"https:\/\/rna.ao\/rna.ao\/wp-json\/wp\/v2\/posts\/209915\/revisions"}],"predecessor-version":[{"id":209917,"href":"https:\/\/rna.ao\/rna.ao\/wp-json\/wp\/v2\/posts\/209915\/revisions\/209917"}],"wp:featuredmedia":[{"embeddable":true,"href":"https:\/\/rna.ao\/rna.ao\/wp-json\/wp\/v2\/media\/209916"}],"wp:attachment":[{"href":"https:\/\/rna.ao\/rna.ao\/wp-json\/wp\/v2\/media?parent=209915"}],"wp:term":[{"taxonomy":"category","embeddable":true,"href":"https:\/\/rna.ao\/rna.ao\/wp-json\/wp\/v2\/categories?post=209915"},{"taxonomy":"post_tag","embeddable":true,"href":"https:\/\/rna.ao\/rna.ao\/wp-json\/wp\/v2\/tags?post=209915"}],"curies":[{"name":"wp","href":"https:\/\/api.w.org\/{rel}","templated":true}]}}