{"id":209910,"date":"2026-03-10T08:30:19","date_gmt":"2026-03-10T07:30:19","guid":{"rendered":"https:\/\/rna.ao\/rna.ao\/?p=209910"},"modified":"2026-03-10T06:42:16","modified_gmt":"2026-03-10T05:42:16","slug":"angola-defende-maior-presenca-feminina-na-lideranca-global","status":"publish","type":"post","link":"https:\/\/rna.ao\/rna.ao\/2026\/03\/10\/angola-defende-maior-presenca-feminina-na-lideranca-global\/","title":{"rendered":"Angola defende maior presen\u00e7a feminina na lideran\u00e7a global"},"content":{"rendered":"<p><img loading=\"lazy\" class=\"alignnone size-medium wp-image-209911\" src=\"https:\/\/rna.ao\/rna.ao\/wp-content\/uploads\/2026\/03\/5f8c7bd2-adaf-4ba5-9656-cb7696d02e60-770x569.jpeg\" alt=\"\" width=\"770\" height=\"569\" srcset=\"https:\/\/rna.ao\/rna.ao\/wp-content\/uploads\/2026\/03\/5f8c7bd2-adaf-4ba5-9656-cb7696d02e60-770x569.jpeg 770w, https:\/\/rna.ao\/rna.ao\/wp-content\/uploads\/2026\/03\/5f8c7bd2-adaf-4ba5-9656-cb7696d02e60-1170x865.jpeg 1170w, https:\/\/rna.ao\/rna.ao\/wp-content\/uploads\/2026\/03\/5f8c7bd2-adaf-4ba5-9656-cb7696d02e60-768x568.jpeg 768w, https:\/\/rna.ao\/rna.ao\/wp-content\/uploads\/2026\/03\/5f8c7bd2-adaf-4ba5-9656-cb7696d02e60.jpeg 1203w\" sizes=\"(max-width: 770px) 100vw, 770px\" \/><\/p>\n<p>A Ministra da Ac\u00e7\u00e3o Social, Fam\u00edlia e Promo\u00e7\u00e3o da Mulher, Ana Paula do Sacramento Neto, defendeu em Nova Iorque a necessidade de refor\u00e7ar a presen\u00e7a das mulheres nos mais altos n\u00edveis de lideran\u00e7a do sistema multilateral.<\/p>\n<p>A governante angolana intervinha no Di\u00e1logo Ministerial Anual do Grupo de Amigos sobre a Paridade de G\u00e9nero, subordinado ao tema \u201cPromover o Equil\u00edbrio de G\u00e9nero na Lideran\u00e7a Global: Reflex\u00f5es sobre a Selec\u00e7\u00e3o do Secret\u00e1rio-Geral em 2026\u201d.<\/p>\n<p>Na ocasi\u00e3o, Ana Paula do Sacramento Neto sublinhou que a discuss\u00e3o sobre lideran\u00e7a feminina assume particular relev\u00e2ncia num momento em que a comunidade internacional se prepara para o processo de escolha do pr\u00f3ximo Secret\u00e1rio-Geral das Na\u00e7\u00f5es Unidas.<\/p>\n<p>A ministra destacou que Angola apoia a promo\u00e7\u00e3o da paridade de g\u00e9nero na lideran\u00e7a global, compromisso que se enquadra nos princ\u00edpios da Plataforma de Ac\u00e7\u00e3o de Pequim e nos objectivos da Agenda 2030 para o Desenvolvimento Sustent\u00e1vel.<\/p>\n<p>Apesar dos progressos registados nas \u00faltimas d\u00e9cadas, a governante reconheceu que a representa\u00e7\u00e3o das mulheres nos mais altos n\u00edveis de decis\u00e3o pol\u00edtica e institucional ainda n\u00e3o reflecte a diversidade e o potencial das sociedades.<\/p>\n<p>Durante o encontro, Ana Paula do Sacramento Neto levantou ainda a quest\u00e3o sobre o impacto que a eventual elei\u00e7\u00e3o de uma mulher para o cargo de Secret\u00e1ria-Geral das Na\u00e7\u00f5es Unidas poder\u00e1 ter no refor\u00e7o da agenda da igualdade de g\u00e9nero e na promo\u00e7\u00e3o da lideran\u00e7a feminina a n\u00edvel mundial.<\/p>\n","protected":false},"excerpt":{"rendered":"<p>A Ministra da Ac\u00e7\u00e3o Social, Fam\u00edlia e Promo\u00e7\u00e3o da Mulher, Ana Paula do Sacramento Neto, defendeu em Nova Iorque a necessidade de refor\u00e7ar a presen\u00e7a das mulheres nos mais altos n\u00edveis de lideran\u00e7a do sistema multilateral. A governante angolana intervinha no Di\u00e1logo Ministerial Anual do Grupo de Amigos sobre a ...<\/p>\n","protected":false},"author":9,"featured_media":209912,"comment_status":"closed","ping_status":"closed","sticky":false,"template":"","format":"standard","meta":[],"categories":[142,121,163],"tags":[],"_links":{"self":[{"href":"https:\/\/rna.ao\/rna.ao\/wp-json\/wp\/v2\/posts\/209910"}],"collection":[{"href":"https:\/\/rna.ao\/rna.ao\/wp-json\/wp\/v2\/posts"}],"about":[{"href":"https:\/\/rna.ao\/rna.ao\/wp-json\/wp\/v2\/types\/post"}],"author":[{"embeddable":true,"href":"https:\/\/rna.ao\/rna.ao\/wp-json\/wp\/v2\/users\/9"}],"replies":[{"embeddable":true,"href":"https:\/\/rna.ao\/rna.ao\/wp-json\/wp\/v2\/comments?post=209910"}],"version-history":[{"count":1,"href":"https:\/\/rna.ao\/rna.ao\/wp-json\/wp\/v2\/posts\/209910\/revisions"}],"predecessor-version":[{"id":209913,"href":"https:\/\/rna.ao\/rna.ao\/wp-json\/wp\/v2\/posts\/209910\/revisions\/209913"}],"wp:featuredmedia":[{"embeddable":true,"href":"https:\/\/rna.ao\/rna.ao\/wp-json\/wp\/v2\/media\/209912"}],"wp:attachment":[{"href":"https:\/\/rna.ao\/rna.ao\/wp-json\/wp\/v2\/media?parent=209910"}],"wp:term":[{"taxonomy":"category","embeddable":true,"href":"https:\/\/rna.ao\/rna.ao\/wp-json\/wp\/v2\/categories?post=209910"},{"taxonomy":"post_tag","embeddable":true,"href":"https:\/\/rna.ao\/rna.ao\/wp-json\/wp\/v2\/tags?post=209910"}],"curies":[{"name":"wp","href":"https:\/\/api.w.org\/{rel}","templated":true}]}}