{"id":209905,"date":"2026-03-10T06:36:24","date_gmt":"2026-03-10T05:36:24","guid":{"rendered":"https:\/\/rna.ao\/rna.ao\/?p=209905"},"modified":"2026-03-10T06:38:13","modified_gmt":"2026-03-10T05:38:13","slug":"presidente-da-republica-regressa-a-luanda-apos-missao-oficial-em-lisboa","status":"publish","type":"post","link":"https:\/\/rna.ao\/rna.ao\/2026\/03\/10\/presidente-da-republica-regressa-a-luanda-apos-missao-oficial-em-lisboa\/","title":{"rendered":"Presidente da Rep\u00fablica regressa a Luanda ap\u00f3s miss\u00e3o oficial em Lisboa"},"content":{"rendered":"<p><img loading=\"lazy\" class=\"alignnone size-medium wp-image-209907\" src=\"https:\/\/rna.ao\/rna.ao\/wp-content\/uploads\/2026\/03\/8f32f93d-96c8-4197-a2c6-c74bb3358aba-770x610.jpeg\" alt=\"\" width=\"770\" height=\"610\" srcset=\"https:\/\/rna.ao\/rna.ao\/wp-content\/uploads\/2026\/03\/8f32f93d-96c8-4197-a2c6-c74bb3358aba-770x610.jpeg 770w, https:\/\/rna.ao\/rna.ao\/wp-content\/uploads\/2026\/03\/8f32f93d-96c8-4197-a2c6-c74bb3358aba-1170x926.jpeg 1170w, https:\/\/rna.ao\/rna.ao\/wp-content\/uploads\/2026\/03\/8f32f93d-96c8-4197-a2c6-c74bb3358aba-768x608.jpeg 768w, https:\/\/rna.ao\/rna.ao\/wp-content\/uploads\/2026\/03\/8f32f93d-96c8-4197-a2c6-c74bb3358aba.jpeg 1200w\" sizes=\"(max-width: 770px) 100vw, 770px\" \/><\/p>\n<p>O Presidente da Rep\u00fablica, Jo\u00e3o Louren\u00e7o, regressou na madrugada de hoje a Luanda, depois de ter cumprido uma miss\u00e3o oficial em Lisboa, Portugal.<\/p>\n<p>Na capital portuguesa, o Chefe de Estado participou na cerim\u00f3nia de investidura do Presidente eleito de Portugal, Ant\u00f3nio Jos\u00e9 Seguro.<\/p>\n<p>A desloca\u00e7\u00e3o do Chefe de Estado enquadrou-se nos actos protocolares da tomada de posse do novo Presidente portugu\u00eas, cerim\u00f3nia que contou com a presen\u00e7a de v\u00e1rios Chefes de Estado e outras personalidades internacionais.<\/p>\n","protected":false},"excerpt":{"rendered":"<p>O Presidente da Rep\u00fablica, Jo\u00e3o Louren\u00e7o, regressou na madrugada de hoje a Luanda, depois de ter cumprido uma miss\u00e3o oficial em Lisboa, Portugal. Na capital portuguesa, o Chefe de Estado participou na cerim\u00f3nia de investidura do Presidente eleito de Portugal, Ant\u00f3nio Jos\u00e9 Seguro. A desloca\u00e7\u00e3o do Chefe de Estado enquadrou-se ...<\/p>\n","protected":false},"author":9,"featured_media":209906,"comment_status":"closed","ping_status":"closed","sticky":false,"template":"","format":"standard","meta":[],"categories":[142,121,163],"tags":[],"_links":{"self":[{"href":"https:\/\/rna.ao\/rna.ao\/wp-json\/wp\/v2\/posts\/209905"}],"collection":[{"href":"https:\/\/rna.ao\/rna.ao\/wp-json\/wp\/v2\/posts"}],"about":[{"href":"https:\/\/rna.ao\/rna.ao\/wp-json\/wp\/v2\/types\/post"}],"author":[{"embeddable":true,"href":"https:\/\/rna.ao\/rna.ao\/wp-json\/wp\/v2\/users\/9"}],"replies":[{"embeddable":true,"href":"https:\/\/rna.ao\/rna.ao\/wp-json\/wp\/v2\/comments?post=209905"}],"version-history":[{"count":2,"href":"https:\/\/rna.ao\/rna.ao\/wp-json\/wp\/v2\/posts\/209905\/revisions"}],"predecessor-version":[{"id":209909,"href":"https:\/\/rna.ao\/rna.ao\/wp-json\/wp\/v2\/posts\/209905\/revisions\/209909"}],"wp:featuredmedia":[{"embeddable":true,"href":"https:\/\/rna.ao\/rna.ao\/wp-json\/wp\/v2\/media\/209906"}],"wp:attachment":[{"href":"https:\/\/rna.ao\/rna.ao\/wp-json\/wp\/v2\/media?parent=209905"}],"wp:term":[{"taxonomy":"category","embeddable":true,"href":"https:\/\/rna.ao\/rna.ao\/wp-json\/wp\/v2\/categories?post=209905"},{"taxonomy":"post_tag","embeddable":true,"href":"https:\/\/rna.ao\/rna.ao\/wp-json\/wp\/v2\/tags?post=209905"}],"curies":[{"name":"wp","href":"https:\/\/api.w.org\/{rel}","templated":true}]}}