{"id":209901,"date":"2026-03-09T18:53:39","date_gmt":"2026-03-09T17:53:39","guid":{"rendered":"https:\/\/rna.ao\/rna.ao\/?p=209901"},"modified":"2026-03-10T19:47:31","modified_gmt":"2026-03-10T18:47:31","slug":"presidente-joao-lourenco-participa-em-almoco-protocolar-no-palacio-de-belem","status":"publish","type":"post","link":"https:\/\/rna.ao\/rna.ao\/2026\/03\/09\/presidente-joao-lourenco-participa-em-almoco-protocolar-no-palacio-de-belem\/","title":{"rendered":"Presidente Jo\u00e3o Louren\u00e7o participa em almo\u00e7o protocolar no Pal\u00e1cio de Bel\u00e9m"},"content":{"rendered":"<p><img loading=\"lazy\" class=\"alignnone size-medium wp-image-209902\" src=\"https:\/\/rna.ao\/rna.ao\/wp-content\/uploads\/2026\/03\/IMG_0355-770x513.jpeg\" alt=\"\" width=\"770\" height=\"513\" srcset=\"https:\/\/rna.ao\/rna.ao\/wp-content\/uploads\/2026\/03\/IMG_0355-770x513.jpeg 770w, https:\/\/rna.ao\/rna.ao\/wp-content\/uploads\/2026\/03\/IMG_0355-1170x780.jpeg 1170w, https:\/\/rna.ao\/rna.ao\/wp-content\/uploads\/2026\/03\/IMG_0355-768x512.jpeg 768w, https:\/\/rna.ao\/rna.ao\/wp-content\/uploads\/2026\/03\/IMG_0355.jpeg 1200w\" sizes=\"(max-width: 770px) 100vw, 770px\" \/><\/p>\n<p>O Presidente da Rep\u00fablica, Jo\u00e3o Louren\u00e7o, participou esta tarde num almo\u00e7o protocolar no Pal\u00e1cio de Bel\u00e9m, em Lisboa, inserido nas actividades relacionadas com a investidura do novo Presidente da Rep\u00fablica Portuguesa, Ant\u00f3nio Jos\u00e9 Seguro.<\/p>\n<p>O acto reuniu os Chefes de Estado e demais convidados que, horas antes, assistiram \u00e0 cerim\u00f3nia de tomada de posse realizada na sede da Assembleia da Rep\u00fablica portuguesa.<\/p>\n<p>O almo\u00e7o decorreu na resid\u00eancia oficial do Chefe de Estado portugu\u00eas e marcou mais um momento da jornada protocolar ligada \u00e0 investidura do novo Presidente de Portugal.<\/p>\n","protected":false},"excerpt":{"rendered":"<p>O Presidente da Rep\u00fablica, Jo\u00e3o Louren\u00e7o, participou esta tarde num almo\u00e7o protocolar no Pal\u00e1cio de Bel\u00e9m, em Lisboa, inserido nas actividades relacionadas com a investidura do novo Presidente da Rep\u00fablica Portuguesa, Ant\u00f3nio Jos\u00e9 Seguro. O acto reuniu os Chefes de Estado e demais convidados que, horas antes, assistiram \u00e0 cerim\u00f3nia ...<\/p>\n","protected":false},"author":9,"featured_media":209903,"comment_status":"closed","ping_status":"closed","sticky":false,"template":"","format":"standard","meta":[],"categories":[142,121,163],"tags":[],"_links":{"self":[{"href":"https:\/\/rna.ao\/rna.ao\/wp-json\/wp\/v2\/posts\/209901"}],"collection":[{"href":"https:\/\/rna.ao\/rna.ao\/wp-json\/wp\/v2\/posts"}],"about":[{"href":"https:\/\/rna.ao\/rna.ao\/wp-json\/wp\/v2\/types\/post"}],"author":[{"embeddable":true,"href":"https:\/\/rna.ao\/rna.ao\/wp-json\/wp\/v2\/users\/9"}],"replies":[{"embeddable":true,"href":"https:\/\/rna.ao\/rna.ao\/wp-json\/wp\/v2\/comments?post=209901"}],"version-history":[{"count":1,"href":"https:\/\/rna.ao\/rna.ao\/wp-json\/wp\/v2\/posts\/209901\/revisions"}],"predecessor-version":[{"id":209904,"href":"https:\/\/rna.ao\/rna.ao\/wp-json\/wp\/v2\/posts\/209901\/revisions\/209904"}],"wp:featuredmedia":[{"embeddable":true,"href":"https:\/\/rna.ao\/rna.ao\/wp-json\/wp\/v2\/media\/209903"}],"wp:attachment":[{"href":"https:\/\/rna.ao\/rna.ao\/wp-json\/wp\/v2\/media?parent=209901"}],"wp:term":[{"taxonomy":"category","embeddable":true,"href":"https:\/\/rna.ao\/rna.ao\/wp-json\/wp\/v2\/categories?post=209901"},{"taxonomy":"post_tag","embeddable":true,"href":"https:\/\/rna.ao\/rna.ao\/wp-json\/wp\/v2\/tags?post=209901"}],"curies":[{"name":"wp","href":"https:\/\/api.w.org\/{rel}","templated":true}]}}