{"id":209894,"date":"2026-03-09T15:53:51","date_gmt":"2026-03-09T14:53:51","guid":{"rendered":"https:\/\/rna.ao\/rna.ao\/?p=209894"},"modified":"2026-03-09T15:53:51","modified_gmt":"2026-03-09T14:53:51","slug":"angola-acolhe-trabalhos-da-associacao-de-conjuges-de-embaixadores-e-chefes-de-missao-africanos-na-turquia","status":"publish","type":"post","link":"https:\/\/rna.ao\/rna.ao\/2026\/03\/09\/angola-acolhe-trabalhos-da-associacao-de-conjuges-de-embaixadores-e-chefes-de-missao-africanos-na-turquia\/","title":{"rendered":"Angola acolhe trabalhos da Associa\u00e7\u00e3o de C\u00f4njuges de Embaixadores e Chefes de Miss\u00e3o Africanos na Turquia"},"content":{"rendered":"<p><img loading=\"lazy\" class=\"alignnone size-medium wp-image-209895\" src=\"https:\/\/rna.ao\/rna.ao\/wp-content\/uploads\/2026\/03\/FAB1E5CF-7114-4DA1-972C-168926785E40-770x578.jpeg\" alt=\"\" width=\"770\" height=\"578\" srcset=\"https:\/\/rna.ao\/rna.ao\/wp-content\/uploads\/2026\/03\/FAB1E5CF-7114-4DA1-972C-168926785E40-770x578.jpeg 770w, https:\/\/rna.ao\/rna.ao\/wp-content\/uploads\/2026\/03\/FAB1E5CF-7114-4DA1-972C-168926785E40-1170x878.jpeg 1170w, https:\/\/rna.ao\/rna.ao\/wp-content\/uploads\/2026\/03\/FAB1E5CF-7114-4DA1-972C-168926785E40-768x576.jpeg 768w, https:\/\/rna.ao\/rna.ao\/wp-content\/uploads\/2026\/03\/FAB1E5CF-7114-4DA1-972C-168926785E40-1536x1152.jpeg 1536w, https:\/\/rna.ao\/rna.ao\/wp-content\/uploads\/2026\/03\/FAB1E5CF-7114-4DA1-972C-168926785E40-2048x1536.jpeg 2048w\" sizes=\"(max-width: 770px) 100vw, 770px\" \/><\/p>\n<p class=\"p1\"><span class=\"s1\"><br \/>\nAngola \u00e9 o pa\u00eds anfitri\u00e3o dos trabalhos da Associa\u00e7\u00e3o de C\u00f4njuges de Embaixadores e Chefes de Miss\u00e3o Africanos, na Turquia. <\/span><\/p>\n<p class=\"p1\"><span class=\"s1\">No \u00faltimo fim-de-semana, a Embaixatriz Filomena dos Santos recebeu na resid\u00eancia oficial de Angola na Turquia, o grupo de Embaixatrizes do Grupo Africano com quem abordou algumas quest\u00f5es que inquietam as mulheres, como a invas\u00e3o conjunta dos Estados Unidos da Am\u00e9rica e Israel \u00e0 Rep\u00fablica do Ir\u00e3o, angaria\u00e7\u00e3o de fundos para actos de benefic\u00eancia e outras.<\/span><\/p>\n<p class=\"p1\"><span class=\"s1\">Enquadrado nas cerebra\u00e7\u00f5es do dia internacional da mulher , foi igualmente realizado um Debate com o tema &#8221; Crise Clim\u00e1tica, Justi\u00e7a Clim\u00e1tica e o papel das Mulheres para um futuro sustent\u00e1vel\u201d. <\/span><\/p>\n<p class=\"p1\"><span class=\"s1\">O momento serviu tamb\u00e9m para mostrar as potencialidades de Angola , \u00e1reas de interesse tur\u00edsticos, a cultura do povo Lunda Tchokwe, trajes t\u00edpicos e a gastronomia angolana.<\/span><\/p>\n<p class=\"p1\"><span class=\"s1\">Na ocasi\u00e3o, a Embaixatriz , Filomena dos Santos reconheceu que as mulheres t\u00eam estado cada vez mais a ganhar notoriedade e a desempenhar um papel fundamental para o desenvolvimento da sociedade.<\/span><\/p>\n<p class=\"p1\"><span class=\"s1\">Estiveram presentes ao acto as Embaixatrizes do Burkina Faso, Camar\u00f5es, Djibuti, Marrocos, RDC, Sud\u00e3o<span class=\"Apple-converted-space\">\u00a0 <\/span>e Zimbabwe.<\/span><\/p>\n","protected":false},"excerpt":{"rendered":"<p>Angola \u00e9 o pa\u00eds anfitri\u00e3o dos trabalhos da Associa\u00e7\u00e3o de C\u00f4njuges de Embaixadores e Chefes de Miss\u00e3o Africanos, na Turquia. No \u00faltimo fim-de-semana, a Embaixatriz Filomena dos Santos recebeu na resid\u00eancia oficial de Angola na Turquia, o grupo de Embaixatrizes do Grupo Africano com quem abordou algumas quest\u00f5es que inquietam ...<\/p>\n","protected":false},"author":21,"featured_media":209895,"comment_status":"closed","ping_status":"closed","sticky":false,"template":"","format":"standard","meta":[],"categories":[142,121,164,163],"tags":[],"_links":{"self":[{"href":"https:\/\/rna.ao\/rna.ao\/wp-json\/wp\/v2\/posts\/209894"}],"collection":[{"href":"https:\/\/rna.ao\/rna.ao\/wp-json\/wp\/v2\/posts"}],"about":[{"href":"https:\/\/rna.ao\/rna.ao\/wp-json\/wp\/v2\/types\/post"}],"author":[{"embeddable":true,"href":"https:\/\/rna.ao\/rna.ao\/wp-json\/wp\/v2\/users\/21"}],"replies":[{"embeddable":true,"href":"https:\/\/rna.ao\/rna.ao\/wp-json\/wp\/v2\/comments?post=209894"}],"version-history":[{"count":1,"href":"https:\/\/rna.ao\/rna.ao\/wp-json\/wp\/v2\/posts\/209894\/revisions"}],"predecessor-version":[{"id":209896,"href":"https:\/\/rna.ao\/rna.ao\/wp-json\/wp\/v2\/posts\/209894\/revisions\/209896"}],"wp:featuredmedia":[{"embeddable":true,"href":"https:\/\/rna.ao\/rna.ao\/wp-json\/wp\/v2\/media\/209895"}],"wp:attachment":[{"href":"https:\/\/rna.ao\/rna.ao\/wp-json\/wp\/v2\/media?parent=209894"}],"wp:term":[{"taxonomy":"category","embeddable":true,"href":"https:\/\/rna.ao\/rna.ao\/wp-json\/wp\/v2\/categories?post=209894"},{"taxonomy":"post_tag","embeddable":true,"href":"https:\/\/rna.ao\/rna.ao\/wp-json\/wp\/v2\/tags?post=209894"}],"curies":[{"name":"wp","href":"https:\/\/api.w.org\/{rel}","templated":true}]}}