{"id":209870,"date":"2026-03-09T13:27:55","date_gmt":"2026-03-09T12:27:55","guid":{"rendered":"https:\/\/rna.ao\/rna.ao\/?p=209870"},"modified":"2026-03-09T13:27:55","modified_gmt":"2026-03-09T12:27:55","slug":"industriais-defendem-reforco-da-cooperacao-economica-entre-angola-e-portugal","status":"publish","type":"post","link":"https:\/\/rna.ao\/rna.ao\/2026\/03\/09\/industriais-defendem-reforco-da-cooperacao-economica-entre-angola-e-portugal\/","title":{"rendered":"Industriais defendem refor\u00e7o da coopera\u00e7\u00e3o econ\u00f3mica entre Angola e Portugal"},"content":{"rendered":"<p><img loading=\"lazy\" class=\"alignnone size-medium wp-image-209872\" src=\"https:\/\/rna.ao\/rna.ao\/wp-content\/uploads\/2026\/03\/IMG_0338-770x760.jpeg\" alt=\"\" width=\"770\" height=\"760\" srcset=\"https:\/\/rna.ao\/rna.ao\/wp-content\/uploads\/2026\/03\/IMG_0338-770x760.jpeg 770w, https:\/\/rna.ao\/rna.ao\/wp-content\/uploads\/2026\/03\/IMG_0338-1170x1155.jpeg 1170w, https:\/\/rna.ao\/rna.ao\/wp-content\/uploads\/2026\/03\/IMG_0338-768x758.jpeg 768w, https:\/\/rna.ao\/rna.ao\/wp-content\/uploads\/2026\/03\/IMG_0338-1536x1516.jpeg 1536w, https:\/\/rna.ao\/rna.ao\/wp-content\/uploads\/2026\/03\/IMG_0338-100x100.jpeg 100w, https:\/\/rna.ao\/rna.ao\/wp-content\/uploads\/2026\/03\/IMG_0338.jpeg 2048w\" sizes=\"(max-width: 770px) 100vw, 770px\" \/><\/p>\n<p>Os industriais nacionais entendem que Angola deve aproveitar a presen\u00e7a do Presidente da Rep\u00fablica, Jo\u00e3o Louren\u00e7o, em Portugal para lan\u00e7ar bases que permitam reconfigurar e refor\u00e7ar a coopera\u00e7\u00e3o econ\u00f3mica e empresarial entre os dois pa\u00edses.<\/p>\n<p>A Associa\u00e7\u00e3o Industrial de Angola considera que uma nova etapa na coopera\u00e7\u00e3o econ\u00f3mica e empresarial com Portugal deve assentar no desenvolvimento industrial e no equil\u00edbrio da balan\u00e7a comercial, que actualmente favorece mais o lado portugu\u00eas.<br \/>\nJornalista Rom\u00e3o Ferreira. Clique no \u00e1udio abaixo para mais informa\u00e7\u00f5es<\/p>\n\t<div class=\"qtmplayer-playlist-large\">\n\t\t<ul class=\"qtmplayer-playlist\">\n\t\t\t\n\t\t\t\t\t<li class=\"qtmplayer-trackitem\">\n\t\t<img src=\"https:\/\/rna.ao\/rna.ao\/wp-content\/uploads\/2026\/03\/IMG_0338-100x100.jpeg\" alt=\"cover\">\t\t<span \t\t\tdata-qtmplayer-cover=\"https:\/\/rna.ao\/rna.ao\/wp-content\/uploads\/2026\/03\/IMG_0338-370x370.jpeg\"\n\t\t\t\t\t\tdata-qtmplayer-file=\"https:\/\/rna.ao\/rna.ao\/wp-content\/uploads\/2026\/03\/ROMAO-FERREIRA-13HRS.mp3\"\n\t\t\t\t\t\tdata-qtmplayer-title=\"Industriais defendem refor\u00e7o da coopera\u00e7\u00e3o econ\u00f3mica entre Angola e Portugal\"\n\t\t\t\t\t\tdata-qtmplayer-artist=\"Carla Quipungo\"\n\t\t\t\t\t\tdata-qtmplayer-link=\"https:\/\/rna.ao\/rna.ao\/2026\/03\/09\/industriais-defendem-reforco-da-cooperacao-economica-entre-angola-e-portugal\/\"\n\t\t\t\t\t\tdata-qtmplayer-icon=\"file_download\"\n\t\t\t\t\t\tdata-qtmplayer-type=\"track\"\n\t\t\t class=\"qtmplayer-play qtmplayer-link-sec qtmplayer-play-btn\"><i class='material-icons'>play_arrow<\/i><\/span>\n\t\t<p>\n\t\t\t<span class=\"qtmplayer-tit\">Industriais defendem refor\u00e7o da coopera\u00e7\u00e3o econ\u00f3mica entre Angola e Portugal<\/span>\n\t\t\t<span class=\"qtmplayer-art\">Carla Quipungo<\/span>\n\t\t<\/p>\n\t<\/li>\n\t\t<\/ul>\n\t<\/div>\t\t\t\n\t\n","protected":false},"excerpt":{"rendered":"<p>Os industriais nacionais entendem que Angola deve aproveitar a presen\u00e7a do Presidente da Rep\u00fablica, Jo\u00e3o Louren\u00e7o, em Portugal para lan\u00e7ar bases que permitam reconfigurar e refor\u00e7ar a coopera\u00e7\u00e3o econ\u00f3mica e empresarial entre os dois pa\u00edses. A Associa\u00e7\u00e3o Industrial de Angola considera que uma nova etapa na coopera\u00e7\u00e3o econ\u00f3mica e empresarial ...<\/p>\n","protected":false},"author":9,"featured_media":209872,"comment_status":"closed","ping_status":"closed","sticky":false,"template":"","format":"standard","meta":[],"categories":[142,121,163],"tags":[],"_links":{"self":[{"href":"https:\/\/rna.ao\/rna.ao\/wp-json\/wp\/v2\/posts\/209870"}],"collection":[{"href":"https:\/\/rna.ao\/rna.ao\/wp-json\/wp\/v2\/posts"}],"about":[{"href":"https:\/\/rna.ao\/rna.ao\/wp-json\/wp\/v2\/types\/post"}],"author":[{"embeddable":true,"href":"https:\/\/rna.ao\/rna.ao\/wp-json\/wp\/v2\/users\/9"}],"replies":[{"embeddable":true,"href":"https:\/\/rna.ao\/rna.ao\/wp-json\/wp\/v2\/comments?post=209870"}],"version-history":[{"count":1,"href":"https:\/\/rna.ao\/rna.ao\/wp-json\/wp\/v2\/posts\/209870\/revisions"}],"predecessor-version":[{"id":209873,"href":"https:\/\/rna.ao\/rna.ao\/wp-json\/wp\/v2\/posts\/209870\/revisions\/209873"}],"wp:featuredmedia":[{"embeddable":true,"href":"https:\/\/rna.ao\/rna.ao\/wp-json\/wp\/v2\/media\/209872"}],"wp:attachment":[{"href":"https:\/\/rna.ao\/rna.ao\/wp-json\/wp\/v2\/media?parent=209870"}],"wp:term":[{"taxonomy":"category","embeddable":true,"href":"https:\/\/rna.ao\/rna.ao\/wp-json\/wp\/v2\/categories?post=209870"},{"taxonomy":"post_tag","embeddable":true,"href":"https:\/\/rna.ao\/rna.ao\/wp-json\/wp\/v2\/tags?post=209870"}],"curies":[{"name":"wp","href":"https:\/\/api.w.org\/{rel}","templated":true}]}}