{"id":209859,"date":"2026-03-09T13:18:39","date_gmt":"2026-03-09T12:18:39","guid":{"rendered":"https:\/\/rna.ao\/rna.ao\/?p=209859"},"modified":"2026-03-09T13:18:39","modified_gmt":"2026-03-09T12:18:39","slug":"antonio-jose-seguro-ja-em-funcoes-como-presidente-de-portugal","status":"publish","type":"post","link":"https:\/\/rna.ao\/rna.ao\/2026\/03\/09\/antonio-jose-seguro-ja-em-funcoes-como-presidente-de-portugal\/","title":{"rendered":"Ant\u00f3nio Jos\u00e9 Seguro j\u00e1 em fun\u00e7\u00f5es como Presidente de Portugal"},"content":{"rendered":"<p><img loading=\"lazy\" class=\"alignnone size-medium wp-image-209862\" src=\"https:\/\/rna.ao\/rna.ao\/wp-content\/uploads\/2026\/03\/IMG_0334-770x422.jpeg\" alt=\"\" width=\"770\" height=\"422\" srcset=\"https:\/\/rna.ao\/rna.ao\/wp-content\/uploads\/2026\/03\/IMG_0334-770x422.jpeg 770w, https:\/\/rna.ao\/rna.ao\/wp-content\/uploads\/2026\/03\/IMG_0334-1170x641.jpeg 1170w, https:\/\/rna.ao\/rna.ao\/wp-content\/uploads\/2026\/03\/IMG_0334-768x421.jpeg 768w, https:\/\/rna.ao\/rna.ao\/wp-content\/uploads\/2026\/03\/IMG_0334.jpeg 1500w\" sizes=\"(max-width: 770px) 100vw, 770px\" \/><\/p>\n<p>Ant\u00f3nio Jos\u00e9 Seguro j\u00e1 est\u00e1 em fun\u00e7\u00f5es como novo Chefe de Estado de Portugal, ap\u00f3s tomar posse esta manh\u00e3 perante a Assembleia da Rep\u00fablica, em Lisboa.<\/p>\n<p>No seu primeiro discurso como Presidente, Ant\u00f3nio Jos\u00e9 Seguro agradeceu ao seu antecessor pela dedica\u00e7\u00e3o ao pa\u00eds e prometeu ser o Presidente de todos os portugueses, apelando aos cidad\u00e3os para acreditarem no futuro de Portugal.<\/p>\n<p>O Presidente da Rep\u00fablica de Angola, Jo\u00e3o Louren\u00e7o, esteve entre os Chefes de Estado presentes na cerim\u00f3nia de investidura do novo Presidente portugu\u00eas.<\/p>\n<p>Ant\u00f3nio Jos\u00e9 Seguro \u00e9 o 21.\u00ba Presidente da Rep\u00fablica de Portugal, eleito com um n\u00famero recorde de votos nas \u00faltimas elei\u00e7\u00f5es, sucedendo a Marcelo Rebelo de Sousa, que cumpriu dez anos de mandato \u00e0 frente do Estado portugu\u00eas.<\/p>\n","protected":false},"excerpt":{"rendered":"<p>Ant\u00f3nio Jos\u00e9 Seguro j\u00e1 est\u00e1 em fun\u00e7\u00f5es como novo Chefe de Estado de Portugal, ap\u00f3s tomar posse esta manh\u00e3 perante a Assembleia da Rep\u00fablica, em Lisboa. No seu primeiro discurso como Presidente, Ant\u00f3nio Jos\u00e9 Seguro agradeceu ao seu antecessor pela dedica\u00e7\u00e3o ao pa\u00eds e prometeu ser o Presidente de todos ...<\/p>\n","protected":false},"author":9,"featured_media":209863,"comment_status":"closed","ping_status":"closed","sticky":false,"template":"","format":"standard","meta":[],"categories":[142,121,163],"tags":[],"_links":{"self":[{"href":"https:\/\/rna.ao\/rna.ao\/wp-json\/wp\/v2\/posts\/209859"}],"collection":[{"href":"https:\/\/rna.ao\/rna.ao\/wp-json\/wp\/v2\/posts"}],"about":[{"href":"https:\/\/rna.ao\/rna.ao\/wp-json\/wp\/v2\/types\/post"}],"author":[{"embeddable":true,"href":"https:\/\/rna.ao\/rna.ao\/wp-json\/wp\/v2\/users\/9"}],"replies":[{"embeddable":true,"href":"https:\/\/rna.ao\/rna.ao\/wp-json\/wp\/v2\/comments?post=209859"}],"version-history":[{"count":1,"href":"https:\/\/rna.ao\/rna.ao\/wp-json\/wp\/v2\/posts\/209859\/revisions"}],"predecessor-version":[{"id":209864,"href":"https:\/\/rna.ao\/rna.ao\/wp-json\/wp\/v2\/posts\/209859\/revisions\/209864"}],"wp:featuredmedia":[{"embeddable":true,"href":"https:\/\/rna.ao\/rna.ao\/wp-json\/wp\/v2\/media\/209863"}],"wp:attachment":[{"href":"https:\/\/rna.ao\/rna.ao\/wp-json\/wp\/v2\/media?parent=209859"}],"wp:term":[{"taxonomy":"category","embeddable":true,"href":"https:\/\/rna.ao\/rna.ao\/wp-json\/wp\/v2\/categories?post=209859"},{"taxonomy":"post_tag","embeddable":true,"href":"https:\/\/rna.ao\/rna.ao\/wp-json\/wp\/v2\/tags?post=209859"}],"curies":[{"name":"wp","href":"https:\/\/api.w.org\/{rel}","templated":true}]}}