{"id":209855,"date":"2026-03-09T17:01:05","date_gmt":"2026-03-09T16:01:05","guid":{"rendered":"https:\/\/rna.ao\/rna.ao\/?p=209855"},"modified":"2026-03-09T13:04:24","modified_gmt":"2026-03-09T12:04:24","slug":"mulenvos-ganha-complexo-escolar-com-capacidade-para-1-800-alunos","status":"publish","type":"post","link":"https:\/\/rna.ao\/rna.ao\/2026\/03\/09\/mulenvos-ganha-complexo-escolar-com-capacidade-para-1-800-alunos\/","title":{"rendered":"Mulenvos ganha complexo escolar com capacidade para 1.800 alunos"},"content":{"rendered":"<p><img loading=\"lazy\" class=\"alignnone size-medium wp-image-209856\" src=\"https:\/\/rna.ao\/rna.ao\/wp-content\/uploads\/2026\/03\/IMG_0324-770x355.jpeg\" alt=\"\" width=\"770\" height=\"355\" srcset=\"https:\/\/rna.ao\/rna.ao\/wp-content\/uploads\/2026\/03\/IMG_0324-770x355.jpeg 770w, https:\/\/rna.ao\/rna.ao\/wp-content\/uploads\/2026\/03\/IMG_0324-1170x540.jpeg 1170w, https:\/\/rna.ao\/rna.ao\/wp-content\/uploads\/2026\/03\/IMG_0324-768x355.jpeg 768w, https:\/\/rna.ao\/rna.ao\/wp-content\/uploads\/2026\/03\/IMG_0324.jpeg 1200w\" sizes=\"(max-width: 770px) 100vw, 770px\" \/><br \/>\nO Ministro dos Recursos Minerais, Petr\u00f3leo e G\u00e1s, <a href=\"chatgpt:\/\/generic-entity?number=0\">Diamantino Azevedo<\/a>, e a Ministra da Educa\u00e7\u00e3o, <a href=\"chatgpt:\/\/generic-entity?number=1\">\u00c9rica de Carvalho Aires<\/a>, inauguraram esta segunda-feira um complexo escolar de ensino prim\u00e1rio e do 1.\u00ba ciclo do ensino secund\u00e1rio no munic\u00edpio dos Mulenvos, prov\u00edncia de Luanda.<\/p>\n<p>A infra-estrutura, financiada pela <a href=\"chatgpt:\/\/generic-entity?number=2\">Sonangol<\/a> e pela <a href=\"chatgpt:\/\/generic-entity?number=3\">SONILS<\/a>, foi or\u00e7ada em cerca de 3 milh\u00f5es e 500 mil d\u00f3lares e ocupa uma \u00e1rea de aproximadamente 4.500 metros quadrados.<\/p>\n<p>O complexo escolar disp\u00f5e de 20 salas de aula, bloco administrativo, posto de primeiros socorros, campo de recreio e outras infra-estruturas t\u00e9cnicas, com capacidade para acolher cerca de 1.800 alunos, distribu\u00eddos em tr\u00eas turnos.<\/p>\n<p>Durante o acto, o ministro Diamantino Azevedo assegurou que o sector continuar\u00e1 a apoiar iniciativas que contribuam para melhorar as condi\u00e7\u00f5es sociais da popula\u00e7\u00e3o, nomeadamente atrav\u00e9s da constru\u00e7\u00e3o de mais escolas.<\/p>\n<p>Por sua vez, o governador de Luanda, <a href=\"chatgpt:\/\/generic-entity?number=4\">Lu\u00eds Nunes<\/a>, destacou que a nova escola vai ampliar o acesso ao ensino e proporcionar melhores oportunidades de forma\u00e7\u00e3o para os jovens do munic\u00edpio dos Mulenvos.<\/p>\n","protected":false},"excerpt":{"rendered":"<p>O Ministro dos Recursos Minerais, Petr\u00f3leo e G\u00e1s, Diamantino Azevedo, e a Ministra da Educa\u00e7\u00e3o, \u00c9rica de Carvalho Aires, inauguraram esta segunda-feira um complexo escolar de ensino prim\u00e1rio e do 1.\u00ba ciclo do ensino secund\u00e1rio no munic\u00edpio dos Mulenvos, prov\u00edncia de Luanda. A infra-estrutura, financiada pela Sonangol e pela SONILS, ...<\/p>\n","protected":false},"author":9,"featured_media":209857,"comment_status":"closed","ping_status":"closed","sticky":false,"template":"","format":"standard","meta":[],"categories":[142,121,163],"tags":[],"_links":{"self":[{"href":"https:\/\/rna.ao\/rna.ao\/wp-json\/wp\/v2\/posts\/209855"}],"collection":[{"href":"https:\/\/rna.ao\/rna.ao\/wp-json\/wp\/v2\/posts"}],"about":[{"href":"https:\/\/rna.ao\/rna.ao\/wp-json\/wp\/v2\/types\/post"}],"author":[{"embeddable":true,"href":"https:\/\/rna.ao\/rna.ao\/wp-json\/wp\/v2\/users\/9"}],"replies":[{"embeddable":true,"href":"https:\/\/rna.ao\/rna.ao\/wp-json\/wp\/v2\/comments?post=209855"}],"version-history":[{"count":1,"href":"https:\/\/rna.ao\/rna.ao\/wp-json\/wp\/v2\/posts\/209855\/revisions"}],"predecessor-version":[{"id":209858,"href":"https:\/\/rna.ao\/rna.ao\/wp-json\/wp\/v2\/posts\/209855\/revisions\/209858"}],"wp:featuredmedia":[{"embeddable":true,"href":"https:\/\/rna.ao\/rna.ao\/wp-json\/wp\/v2\/media\/209857"}],"wp:attachment":[{"href":"https:\/\/rna.ao\/rna.ao\/wp-json\/wp\/v2\/media?parent=209855"}],"wp:term":[{"taxonomy":"category","embeddable":true,"href":"https:\/\/rna.ao\/rna.ao\/wp-json\/wp\/v2\/categories?post=209855"},{"taxonomy":"post_tag","embeddable":true,"href":"https:\/\/rna.ao\/rna.ao\/wp-json\/wp\/v2\/tags?post=209855"}],"curies":[{"name":"wp","href":"https:\/\/api.w.org\/{rel}","templated":true}]}}