{"id":209834,"date":"2026-03-09T11:46:07","date_gmt":"2026-03-09T10:46:07","guid":{"rendered":"https:\/\/rna.ao\/rna.ao\/?p=209834"},"modified":"2026-03-09T11:46:07","modified_gmt":"2026-03-09T10:46:07","slug":"briga-entre-cunhados-por-falta-de-prestacao-de-alimentos","status":"publish","type":"post","link":"https:\/\/rna.ao\/rna.ao\/2026\/03\/09\/briga-entre-cunhados-por-falta-de-prestacao-de-alimentos\/","title":{"rendered":"Briga entre cunhados por falta de presta\u00e7\u00e3o de alimentos"},"content":{"rendered":"<p>&nbsp;<\/p>\n<p><img loading=\"lazy\" class=\"alignnone size-full wp-image-156401\" src=\"https:\/\/rna.ao\/rna.ao\/wp-content\/uploads\/2024\/09\/DIIP-Quintino-Ferreira.jpg\" alt=\"\" width=\"277\" height=\"155\" \/><br \/>\nUma briga entre dois cunhados terminou em morte no munic\u00edpio do Calumbo, prov\u00edncia de Icolo e Bengo.<\/p>\n<p>De acordo com o porta-voz da Direc\u00e7\u00e3o de Investiga\u00e7\u00e3o de Il\u00edcitos Penais (DIIP), Intendente Quintino Ferreira, o desentendimento ter\u00e1 sido motivado pela alegada falta de presta\u00e7\u00e3o de alimentos por parte do suspeito.<\/p>\n<p>Durante a discuss\u00e3o, o presum\u00edvel homicida ter\u00e1 desferido um golpe com uma faca de cozinha contra o irm\u00e3o da m\u00e3e do seu filho, causando a morte da v\u00edtima. Clique no \u00e1udio abaixo e ou\u00e7a:<\/p>\n\t<div class=\"qtmplayer-playlist-large\">\n\t\t<ul class=\"qtmplayer-playlist\">\n\t\t\t\n\t\t\t\t\t<li class=\"qtmplayer-trackitem\">\n\t\t<img src=\"https:\/\/rna.ao\/rna.ao\/wp-content\/uploads\/2024\/09\/DIIP-Quintino-Ferreira-100x100.jpg\" alt=\"cover\">\t\t<span \t\t\tdata-qtmplayer-cover=\"https:\/\/rna.ao\/rna.ao\/wp-content\/uploads\/2024\/09\/DIIP-Quintino-Ferreira.jpg\"\n\t\t\t\t\t\tdata-qtmplayer-file=\"https:\/\/rna.ao\/rna.ao\/wp-content\/uploads\/2026\/03\/QUINTINO-FERREIRA-1.mp3\"\n\t\t\t\t\t\tdata-qtmplayer-title=\"Briga entre cunhados por falta de presta\u00e7\u00e3o de alimentos\"\n\t\t\t\t\t\tdata-qtmplayer-artist=\"Carla Quipungo\"\n\t\t\t\t\t\tdata-qtmplayer-link=\"https:\/\/rna.ao\/rna.ao\/2026\/03\/09\/briga-entre-cunhados-por-falta-de-prestacao-de-alimentos\/\"\n\t\t\t\t\t\tdata-qtmplayer-icon=\"file_download\"\n\t\t\t\t\t\tdata-qtmplayer-type=\"track\"\n\t\t\t class=\"qtmplayer-play qtmplayer-link-sec qtmplayer-play-btn\"><i class='material-icons'>play_arrow<\/i><\/span>\n\t\t<p>\n\t\t\t<span class=\"qtmplayer-tit\">Briga entre cunhados por falta de presta\u00e7\u00e3o de alimentos<\/span>\n\t\t\t<span class=\"qtmplayer-art\">Carla Quipungo<\/span>\n\t\t<\/p>\n\t<\/li>\n\t\t<\/ul>\n\t<\/div>\t\t\t\n\t\n<p>&nbsp;<\/p>\n","protected":false},"excerpt":{"rendered":"<p>&nbsp; Uma briga entre dois cunhados terminou em morte no munic\u00edpio do Calumbo, prov\u00edncia de Icolo e Bengo. De acordo com o porta-voz da Direc\u00e7\u00e3o de Investiga\u00e7\u00e3o de Il\u00edcitos Penais (DIIP), Intendente Quintino Ferreira, o desentendimento ter\u00e1 sido motivado pela alegada falta de presta\u00e7\u00e3o de alimentos por parte do suspeito. ...<\/p>\n","protected":false},"author":9,"featured_media":156401,"comment_status":"closed","ping_status":"closed","sticky":false,"template":"","format":"standard","meta":[],"categories":[141,133],"tags":[],"_links":{"self":[{"href":"https:\/\/rna.ao\/rna.ao\/wp-json\/wp\/v2\/posts\/209834"}],"collection":[{"href":"https:\/\/rna.ao\/rna.ao\/wp-json\/wp\/v2\/posts"}],"about":[{"href":"https:\/\/rna.ao\/rna.ao\/wp-json\/wp\/v2\/types\/post"}],"author":[{"embeddable":true,"href":"https:\/\/rna.ao\/rna.ao\/wp-json\/wp\/v2\/users\/9"}],"replies":[{"embeddable":true,"href":"https:\/\/rna.ao\/rna.ao\/wp-json\/wp\/v2\/comments?post=209834"}],"version-history":[{"count":2,"href":"https:\/\/rna.ao\/rna.ao\/wp-json\/wp\/v2\/posts\/209834\/revisions"}],"predecessor-version":[{"id":209840,"href":"https:\/\/rna.ao\/rna.ao\/wp-json\/wp\/v2\/posts\/209834\/revisions\/209840"}],"wp:featuredmedia":[{"embeddable":true,"href":"https:\/\/rna.ao\/rna.ao\/wp-json\/wp\/v2\/media\/156401"}],"wp:attachment":[{"href":"https:\/\/rna.ao\/rna.ao\/wp-json\/wp\/v2\/media?parent=209834"}],"wp:term":[{"taxonomy":"category","embeddable":true,"href":"https:\/\/rna.ao\/rna.ao\/wp-json\/wp\/v2\/categories?post=209834"},{"taxonomy":"post_tag","embeddable":true,"href":"https:\/\/rna.ao\/rna.ao\/wp-json\/wp\/v2\/tags?post=209834"}],"curies":[{"name":"wp","href":"https:\/\/api.w.org\/{rel}","templated":true}]}}