{"id":209777,"date":"2026-03-09T09:51:56","date_gmt":"2026-03-09T08:51:56","guid":{"rendered":"https:\/\/rna.ao\/rna.ao\/?p=209777"},"modified":"2026-03-09T09:51:56","modified_gmt":"2026-03-09T08:51:56","slug":"presidente-joao-lourenco-em-lisboa-para-testemunhar-hoje-a-tomada-de-posse-do-novo-presidente-de-portugal-antonio-jose-seguro","status":"publish","type":"post","link":"https:\/\/rna.ao\/rna.ao\/2026\/03\/09\/presidente-joao-lourenco-em-lisboa-para-testemunhar-hoje-a-tomada-de-posse-do-novo-presidente-de-portugal-antonio-jose-seguro\/","title":{"rendered":"Presidente Jo\u00e3o Louren\u00e7o em Lisboa para testemunhar hoje a tomada de posse do novo Presidente de Portugal, Ant\u00f3nio Jos\u00e9 Seguro"},"content":{"rendered":"<p><img loading=\"lazy\" class=\"alignnone size-medium wp-image-209778\" src=\"https:\/\/rna.ao\/rna.ao\/wp-content\/uploads\/2026\/03\/IMG_0307-770x645.jpeg\" alt=\"\" width=\"770\" height=\"645\" srcset=\"https:\/\/rna.ao\/rna.ao\/wp-content\/uploads\/2026\/03\/IMG_0307-770x645.jpeg 770w, https:\/\/rna.ao\/rna.ao\/wp-content\/uploads\/2026\/03\/IMG_0307-1170x980.jpeg 1170w, https:\/\/rna.ao\/rna.ao\/wp-content\/uploads\/2026\/03\/IMG_0307-768x643.jpeg 768w, https:\/\/rna.ao\/rna.ao\/wp-content\/uploads\/2026\/03\/IMG_0307.jpeg 1280w\" sizes=\"(max-width: 770px) 100vw, 770px\" \/><\/p>\n<p>O Presidente da Rep\u00fablica, Jo\u00e3o Louren\u00e7o, encontra-se em Lisboa, onde testemunha hoje a cerim\u00f3nia de tomada de posse de Ant\u00f3nio Jos\u00e9 Seguro como novo Presidente da Rep\u00fablica Portuguesa.<\/p>\n<p>A cerim\u00f3nia solene est\u00e1 marcada para as 10 horas no Pal\u00e1cio de S\u00e3o Bento, perante a Assembleia da Rep\u00fablica, e assinala o in\u00edcio do mandato de Ant\u00f3nio Jos\u00e9 Seguro, que sucede a Marcelo Rebelo de Sousa, ap\u00f3s dez anos na chefia do Estado portugu\u00eas.<\/p>\n<p>O ministro das Rela\u00e7\u00f5es Exteriores, T\u00e9te Ant\u00f3nio, considera que a presen\u00e7a do Chefe de Estado angolano em Portugal refor\u00e7a os la\u00e7os de amizade e coopera\u00e7\u00e3o entre os dois pa\u00edses, considerados estrat\u00e9gicos em v\u00e1rios dom\u00ednios. Jornalista Helder Silva . Clique no \u00e1udio abaixo e ou\u00e7a .<\/p>\n\t<div class=\"qtmplayer-playlist-large\">\n\t\t<ul class=\"qtmplayer-playlist\">\n\t\t\t\n\t\t\t\t\t<li class=\"qtmplayer-trackitem\">\n\t\t<img src=\"https:\/\/rna.ao\/rna.ao\/wp-content\/uploads\/2026\/03\/IMG_0307-100x100.jpeg\" alt=\"cover\">\t\t<span \t\t\tdata-qtmplayer-cover=\"https:\/\/rna.ao\/rna.ao\/wp-content\/uploads\/2026\/03\/IMG_0307-370x370.jpeg\"\n\t\t\t\t\t\tdata-qtmplayer-file=\"https:\/\/rna.ao\/rna.ao\/wp-content\/uploads\/2026\/03\/HELDER-SILVA-07-HRS.mp3\"\n\t\t\t\t\t\tdata-qtmplayer-title=\"Presidente Jo\u00e3o Louren\u00e7o em Lisboa para testemunhar hoje a tomada de posse do novo Presidente de Portugal, Ant\u00f3nio Jos\u00e9 Seguro\"\n\t\t\t\t\t\tdata-qtmplayer-artist=\"Carla Quipungo\"\n\t\t\t\t\t\tdata-qtmplayer-link=\"https:\/\/rna.ao\/rna.ao\/2026\/03\/09\/presidente-joao-lourenco-em-lisboa-para-testemunhar-hoje-a-tomada-de-posse-do-novo-presidente-de-portugal-antonio-jose-seguro\/\"\n\t\t\t\t\t\tdata-qtmplayer-icon=\"file_download\"\n\t\t\t\t\t\tdata-qtmplayer-type=\"track\"\n\t\t\t class=\"qtmplayer-play qtmplayer-link-sec qtmplayer-play-btn\"><i class='material-icons'>play_arrow<\/i><\/span>\n\t\t<p>\n\t\t\t<span class=\"qtmplayer-tit\">Presidente Jo\u00e3o Louren\u00e7o em Lisboa para testemunhar hoje a tomada de posse do novo Presidente de Portugal, Ant\u00f3nio Jos\u00e9 Seguro<\/span>\n\t\t\t<span class=\"qtmplayer-art\">Carla Quipungo<\/span>\n\t\t<\/p>\n\t<\/li>\n\t\t<\/ul>\n\t<\/div>\t\t\t\n\t\n<p>&nbsp;<\/p>\n<p>&nbsp;<\/p>\n","protected":false},"excerpt":{"rendered":"<p>O Presidente da Rep\u00fablica, Jo\u00e3o Louren\u00e7o, encontra-se em Lisboa, onde testemunha hoje a cerim\u00f3nia de tomada de posse de Ant\u00f3nio Jos\u00e9 Seguro como novo Presidente da Rep\u00fablica Portuguesa. A cerim\u00f3nia solene est\u00e1 marcada para as 10 horas no Pal\u00e1cio de S\u00e3o Bento, perante a Assembleia da Rep\u00fablica, e assinala o ...<\/p>\n","protected":false},"author":9,"featured_media":209778,"comment_status":"closed","ping_status":"closed","sticky":false,"template":"","format":"standard","meta":[],"categories":[142,121,163],"tags":[],"_links":{"self":[{"href":"https:\/\/rna.ao\/rna.ao\/wp-json\/wp\/v2\/posts\/209777"}],"collection":[{"href":"https:\/\/rna.ao\/rna.ao\/wp-json\/wp\/v2\/posts"}],"about":[{"href":"https:\/\/rna.ao\/rna.ao\/wp-json\/wp\/v2\/types\/post"}],"author":[{"embeddable":true,"href":"https:\/\/rna.ao\/rna.ao\/wp-json\/wp\/v2\/users\/9"}],"replies":[{"embeddable":true,"href":"https:\/\/rna.ao\/rna.ao\/wp-json\/wp\/v2\/comments?post=209777"}],"version-history":[{"count":2,"href":"https:\/\/rna.ao\/rna.ao\/wp-json\/wp\/v2\/posts\/209777\/revisions"}],"predecessor-version":[{"id":209782,"href":"https:\/\/rna.ao\/rna.ao\/wp-json\/wp\/v2\/posts\/209777\/revisions\/209782"}],"wp:featuredmedia":[{"embeddable":true,"href":"https:\/\/rna.ao\/rna.ao\/wp-json\/wp\/v2\/media\/209778"}],"wp:attachment":[{"href":"https:\/\/rna.ao\/rna.ao\/wp-json\/wp\/v2\/media?parent=209777"}],"wp:term":[{"taxonomy":"category","embeddable":true,"href":"https:\/\/rna.ao\/rna.ao\/wp-json\/wp\/v2\/categories?post=209777"},{"taxonomy":"post_tag","embeddable":true,"href":"https:\/\/rna.ao\/rna.ao\/wp-json\/wp\/v2\/tags?post=209777"}],"curies":[{"name":"wp","href":"https:\/\/api.w.org\/{rel}","templated":true}]}}