{"id":209725,"date":"2026-03-08T09:51:47","date_gmt":"2026-03-08T08:51:47","guid":{"rendered":"https:\/\/rna.ao\/rna.ao\/?p=209725"},"modified":"2026-03-08T11:53:42","modified_gmt":"2026-03-08T10:53:42","slug":"pr-joao-lourenco-a-caminho-de-lisboa-para-assistir-a-investidura-do-novo-presidente-portugues","status":"publish","type":"post","link":"https:\/\/rna.ao\/rna.ao\/2026\/03\/08\/pr-joao-lourenco-a-caminho-de-lisboa-para-assistir-a-investidura-do-novo-presidente-portugues\/","title":{"rendered":"PR Jo\u00e3o Louren\u00e7o a caminho de Lisboa para assistir \u00e0 investidura do novo Presidente portugu\u00eas"},"content":{"rendered":"<p><img loading=\"lazy\" class=\"alignnone size-medium wp-image-209727\" src=\"https:\/\/rna.ao\/rna.ao\/wp-content\/uploads\/2026\/03\/IMG_0253-770x761.jpeg\" alt=\"\" width=\"770\" height=\"761\" srcset=\"https:\/\/rna.ao\/rna.ao\/wp-content\/uploads\/2026\/03\/IMG_0253-770x761.jpeg 770w, https:\/\/rna.ao\/rna.ao\/wp-content\/uploads\/2026\/03\/IMG_0253-1170x1156.jpeg 1170w, https:\/\/rna.ao\/rna.ao\/wp-content\/uploads\/2026\/03\/IMG_0253-768x759.jpeg 768w, https:\/\/rna.ao\/rna.ao\/wp-content\/uploads\/2026\/03\/IMG_0253-100x100.jpeg 100w, https:\/\/rna.ao\/rna.ao\/wp-content\/uploads\/2026\/03\/IMG_0253.jpeg 1200w\" sizes=\"(max-width: 770px) 100vw, 770px\" \/><\/p>\n<p>O Presidente da Rep\u00fablica, Jo\u00e3o Louren\u00e7o, deixou Luanda na manh\u00e3 deste domingo com destino a Lisboa, onde vai testemunhar, esta segunda-feira, 9 de Mar\u00e7o, o acto de investidura do novo Presidente da Rep\u00fablica Portuguesa, Ant\u00f3nio Jos\u00e9 Seguro.<\/p>\n<p>A presen\u00e7a do Chefe de Estado angolano ocorre na sequ\u00eancia de um convite formulado pelas autoridades portuguesas, no \u00e2mbito das formalidades protocolares que marcam a transi\u00e7\u00e3o presidencial em Portugal.<\/p>\n<p>A cerim\u00f3nia assinala a tomada de posse de Ant\u00f3nio Jos\u00e9 Seguro como novo Presidente da Rep\u00fablica, sucedendo a Marcelo Rebelo de Sousa, que conclui um mandato de dez anos \u00e0 frente da Presid\u00eancia portuguesa.<\/p>\n","protected":false},"excerpt":{"rendered":"<p>O Presidente da Rep\u00fablica, Jo\u00e3o Louren\u00e7o, deixou Luanda na manh\u00e3 deste domingo com destino a Lisboa, onde vai testemunhar, esta segunda-feira, 9 de Mar\u00e7o, o acto de investidura do novo Presidente da Rep\u00fablica Portuguesa, Ant\u00f3nio Jos\u00e9 Seguro. A presen\u00e7a do Chefe de Estado angolano ocorre na sequ\u00eancia de um convite ...<\/p>\n","protected":false},"author":9,"featured_media":209731,"comment_status":"closed","ping_status":"closed","sticky":false,"template":"","format":"standard","meta":[],"categories":[142,121,163,1],"tags":[],"_links":{"self":[{"href":"https:\/\/rna.ao\/rna.ao\/wp-json\/wp\/v2\/posts\/209725"}],"collection":[{"href":"https:\/\/rna.ao\/rna.ao\/wp-json\/wp\/v2\/posts"}],"about":[{"href":"https:\/\/rna.ao\/rna.ao\/wp-json\/wp\/v2\/types\/post"}],"author":[{"embeddable":true,"href":"https:\/\/rna.ao\/rna.ao\/wp-json\/wp\/v2\/users\/9"}],"replies":[{"embeddable":true,"href":"https:\/\/rna.ao\/rna.ao\/wp-json\/wp\/v2\/comments?post=209725"}],"version-history":[{"count":2,"href":"https:\/\/rna.ao\/rna.ao\/wp-json\/wp\/v2\/posts\/209725\/revisions"}],"predecessor-version":[{"id":209730,"href":"https:\/\/rna.ao\/rna.ao\/wp-json\/wp\/v2\/posts\/209725\/revisions\/209730"}],"wp:featuredmedia":[{"embeddable":true,"href":"https:\/\/rna.ao\/rna.ao\/wp-json\/wp\/v2\/media\/209731"}],"wp:attachment":[{"href":"https:\/\/rna.ao\/rna.ao\/wp-json\/wp\/v2\/media?parent=209725"}],"wp:term":[{"taxonomy":"category","embeddable":true,"href":"https:\/\/rna.ao\/rna.ao\/wp-json\/wp\/v2\/categories?post=209725"},{"taxonomy":"post_tag","embeddable":true,"href":"https:\/\/rna.ao\/rna.ao\/wp-json\/wp\/v2\/tags?post=209725"}],"curies":[{"name":"wp","href":"https:\/\/api.w.org\/{rel}","templated":true}]}}