{"id":209637,"date":"2026-03-06T21:46:39","date_gmt":"2026-03-06T20:46:39","guid":{"rendered":"https:\/\/rna.ao\/rna.ao\/?p=209637"},"modified":"2026-03-06T21:53:33","modified_gmt":"2026-03-06T20:53:33","slug":"presidente-joao-lourenco-e-primeira-dama-emitem-passaportes-electronicos","status":"publish","type":"post","link":"https:\/\/rna.ao\/rna.ao\/2026\/03\/06\/presidente-joao-lourenco-e-primeira-dama-emitem-passaportes-electronicos\/","title":{"rendered":"PR e Primeira-Dama j\u00e1 possuem passaportes electr\u00f3nicos"},"content":{"rendered":"<p><img loading=\"lazy\" class=\"alignnone size-medium wp-image-209638\" src=\"https:\/\/rna.ao\/rna.ao\/wp-content\/uploads\/2026\/03\/IMG_0210-770x513.jpeg\" alt=\"\" width=\"770\" height=\"513\" srcset=\"https:\/\/rna.ao\/rna.ao\/wp-content\/uploads\/2026\/03\/IMG_0210-770x513.jpeg 770w, https:\/\/rna.ao\/rna.ao\/wp-content\/uploads\/2026\/03\/IMG_0210-1170x779.jpeg 1170w, https:\/\/rna.ao\/rna.ao\/wp-content\/uploads\/2026\/03\/IMG_0210-768x511.jpeg 768w, https:\/\/rna.ao\/rna.ao\/wp-content\/uploads\/2026\/03\/IMG_0210.jpeg 1280w\" sizes=\"(max-width: 770px) 100vw, 770px\" \/><\/p>\n<p>O Presidente da Rep\u00fablica, Jo\u00e3o Louren\u00e7o, e a Primeira-Dama, Ana Dias Louren\u00e7o, procederam, ao final da tarde desta sexta-feira, \u00e0 emiss\u00e3o dos respectivos passaportes electr\u00f3nicos, num acto realizado nas instala\u00e7\u00f5es centrais dos Servi\u00e7os de Migra\u00e7\u00e3o e Estrangeiros, em Luanda.<\/p>\n<p>A iniciativa permitiu ao Chefe de Estado acompanhar de perto a implementa\u00e7\u00e3o do Programa de Moderniza\u00e7\u00e3o, Digitaliza\u00e7\u00e3o e Optimiza\u00e7\u00e3o do SME, lan\u00e7ado em Dezembro \u00faltimo, destinado a melhorar a qualidade e efici\u00eancia dos servi\u00e7os migrat\u00f3rios no pa\u00eds.<\/p>\n<p>Durante cerca de duas horas nas instala\u00e7\u00f5es da institui\u00e7\u00e3o, o Presidente da Rep\u00fablica percorreu diversas \u00e1reas de atendimento e servi\u00e7os t\u00e9cnicos, tendo mantido contacto directo com respons\u00e1veis e funcion\u00e1rios para conhecer, em detalhe, o funcionamento do novo sistema.<\/p>\n<p>O acto formaliza, assim, o in\u00edcio da emiss\u00e3o do passaporte electr\u00f3nico em Angola, considerado um passo importante no processo de moderniza\u00e7\u00e3o dos servi\u00e7os p\u00fablicos e de refor\u00e7o da seguran\u00e7a documental no pa\u00eds.<\/p>\n","protected":false},"excerpt":{"rendered":"<p>O Presidente da Rep\u00fablica, Jo\u00e3o Louren\u00e7o, e a Primeira-Dama, Ana Dias Louren\u00e7o, procederam, ao final da tarde desta sexta-feira, \u00e0 emiss\u00e3o dos respectivos passaportes electr\u00f3nicos, num acto realizado nas instala\u00e7\u00f5es centrais dos Servi\u00e7os de Migra\u00e7\u00e3o e Estrangeiros, em Luanda. A iniciativa permitiu ao Chefe de Estado acompanhar de perto a ...<\/p>\n","protected":false},"author":9,"featured_media":209639,"comment_status":"closed","ping_status":"closed","sticky":false,"template":"","format":"standard","meta":[],"categories":[142,121,163],"tags":[],"_links":{"self":[{"href":"https:\/\/rna.ao\/rna.ao\/wp-json\/wp\/v2\/posts\/209637"}],"collection":[{"href":"https:\/\/rna.ao\/rna.ao\/wp-json\/wp\/v2\/posts"}],"about":[{"href":"https:\/\/rna.ao\/rna.ao\/wp-json\/wp\/v2\/types\/post"}],"author":[{"embeddable":true,"href":"https:\/\/rna.ao\/rna.ao\/wp-json\/wp\/v2\/users\/9"}],"replies":[{"embeddable":true,"href":"https:\/\/rna.ao\/rna.ao\/wp-json\/wp\/v2\/comments?post=209637"}],"version-history":[{"count":3,"href":"https:\/\/rna.ao\/rna.ao\/wp-json\/wp\/v2\/posts\/209637\/revisions"}],"predecessor-version":[{"id":209642,"href":"https:\/\/rna.ao\/rna.ao\/wp-json\/wp\/v2\/posts\/209637\/revisions\/209642"}],"wp:featuredmedia":[{"embeddable":true,"href":"https:\/\/rna.ao\/rna.ao\/wp-json\/wp\/v2\/media\/209639"}],"wp:attachment":[{"href":"https:\/\/rna.ao\/rna.ao\/wp-json\/wp\/v2\/media?parent=209637"}],"wp:term":[{"taxonomy":"category","embeddable":true,"href":"https:\/\/rna.ao\/rna.ao\/wp-json\/wp\/v2\/categories?post=209637"},{"taxonomy":"post_tag","embeddable":true,"href":"https:\/\/rna.ao\/rna.ao\/wp-json\/wp\/v2\/tags?post=209637"}],"curies":[{"name":"wp","href":"https:\/\/api.w.org\/{rel}","templated":true}]}}