{"id":209611,"date":"2026-03-06T14:14:02","date_gmt":"2026-03-06T13:14:02","guid":{"rendered":"https:\/\/rna.ao\/rna.ao\/?p=209611"},"modified":"2026-03-06T18:43:26","modified_gmt":"2026-03-06T17:43:26","slug":"perdi-o-meu-primeiro-amigo-da-comunicacao-jornalista-amilcar-xavier","status":"publish","type":"post","link":"https:\/\/rna.ao\/rna.ao\/2026\/03\/06\/perdi-o-meu-primeiro-amigo-da-comunicacao-jornalista-amilcar-xavier\/","title":{"rendered":"\u201cOct\u00e1vio Capapa foi meu primeiro amigo da comunica\u00e7\u00e3o\u201d jornalista Am\u00edlcar Xavier"},"content":{"rendered":"<div class=\"xdj266r x14z9mp xat24cr x1lziwak x1vvkbs x126k92a\">\n<div dir=\"auto\"><img loading=\"lazy\" class=\"alignnone wp-image-63269\" src=\"https:\/\/rna.ao\/rna.ao\/wp-content\/uploads\/2022\/05\/Amilcar-Xavier-640x344-1.jpg\" alt=\"\" width=\"339\" height=\"182\" \/><img loading=\"lazy\" class=\"alignnone size-full wp-image-209622\" src=\"https:\/\/rna.ao\/rna.ao\/wp-content\/uploads\/2026\/03\/Octavio-Pedro-Capapa.jpg\" alt=\"\" width=\"227\" height=\"227\" srcset=\"https:\/\/rna.ao\/rna.ao\/wp-content\/uploads\/2026\/03\/Octavio-Pedro-Capapa.jpg 227w, https:\/\/rna.ao\/rna.ao\/wp-content\/uploads\/2026\/03\/Octavio-Pedro-Capapa-150x150.jpg 150w, https:\/\/rna.ao\/rna.ao\/wp-content\/uploads\/2026\/03\/Octavio-Pedro-Capapa-100x100.jpg 100w\" sizes=\"(max-width: 227px) 100vw, 227px\" \/><\/div>\n<div dir=\"auto\">O jornalista Oct\u00e1vio Pedro Capapa da R\u00e1dio Nacional de Angola, mrreu hoje, sexta-feira, 06, v\u00edtima de doen\u00e7a no Complexo Hospital de Pedro Maria Tonha &#8220;Pedal\u00e9&#8221;. Oct\u00e1vio Pedro Kapapa, um quadro s\u00e9nior da maior empresa de comunica\u00e7\u00e3o social do pa\u00eds, h\u00e1 mais de quatro d\u00e9cadas,<\/div>\n<\/div>\n<div class=\"x14z9mp xat24cr x1lziwak x1vvkbs xtlvy1s x126k92a\">\n<div dir=\"auto\">Adeus companheiro, Oct\u00e1vio Capapa<\/div>\n<\/div>\n\t<div class=\"qtmplayer-playlist-large\">\n\t\t<ul class=\"qtmplayer-playlist\">\n\t\t\t\n\t\t\t\t\t<li class=\"qtmplayer-trackitem\">\n\t\t<img src=\"https:\/\/rna.ao\/rna.ao\/wp-content\/uploads\/2026\/03\/Octavio-Pedro-Capapa-100x100.jpg\" alt=\"cover\">\t\t<span \t\t\tdata-qtmplayer-cover=\"https:\/\/rna.ao\/rna.ao\/wp-content\/uploads\/2026\/03\/Octavio-Pedro-Capapa.jpg\"\n\t\t\t\t\t\tdata-qtmplayer-file=\"https:\/\/rna.ao\/rna.ao\/wp-content\/uploads\/2026\/03\/AMILCAR-XAVIER-13HRS.mp3\"\n\t\t\t\t\t\tdata-qtmplayer-title=\"\u201cOct\u00e1vio Capapa foi meu primeiro amigo da comunica\u00e7\u00e3o\u201d jornalista Am\u00edlcar Xavier\"\n\t\t\t\t\t\tdata-qtmplayer-artist=\"Ant\u00f3nio Augusto\"\n\t\t\t\t\t\tdata-qtmplayer-link=\"https:\/\/rna.ao\/rna.ao\/2026\/03\/06\/perdi-o-meu-primeiro-amigo-da-comunicacao-jornalista-amilcar-xavier\/\"\n\t\t\t\t\t\tdata-qtmplayer-icon=\"file_download\"\n\t\t\t\t\t\tdata-qtmplayer-type=\"track\"\n\t\t\t class=\"qtmplayer-play qtmplayer-link-sec qtmplayer-play-btn\"><i class='material-icons'>play_arrow<\/i><\/span>\n\t\t<p>\n\t\t\t<span class=\"qtmplayer-tit\">\u201cOct\u00e1vio Capapa foi meu primeiro amigo da comunica\u00e7\u00e3o\u201d jornalista Am\u00edlcar Xavier<\/span>\n\t\t\t<span class=\"qtmplayer-art\">Ant\u00f3nio Augusto<\/span>\n\t\t<\/p>\n\t<\/li>\n\t\t<\/ul>\n\t<\/div>\t\t\t\n\t\n","protected":false},"excerpt":{"rendered":"<p>O jornalista Oct\u00e1vio Pedro Capapa da R\u00e1dio Nacional de Angola, mrreu hoje, sexta-feira, 06, v\u00edtima de doen\u00e7a no Complexo Hospital de Pedro Maria Tonha &#8220;Pedal\u00e9&#8221;. Oct\u00e1vio Pedro Kapapa, um quadro s\u00e9nior da maior empresa de comunica\u00e7\u00e3o social do pa\u00eds, h\u00e1 mais de quatro d\u00e9cadas, Adeus companheiro, Oct\u00e1vio Capapa<\/p>\n","protected":false},"author":23,"featured_media":209622,"comment_status":"closed","ping_status":"closed","sticky":false,"template":"","format":"standard","meta":[],"categories":[142,121,163],"tags":[],"_links":{"self":[{"href":"https:\/\/rna.ao\/rna.ao\/wp-json\/wp\/v2\/posts\/209611"}],"collection":[{"href":"https:\/\/rna.ao\/rna.ao\/wp-json\/wp\/v2\/posts"}],"about":[{"href":"https:\/\/rna.ao\/rna.ao\/wp-json\/wp\/v2\/types\/post"}],"author":[{"embeddable":true,"href":"https:\/\/rna.ao\/rna.ao\/wp-json\/wp\/v2\/users\/23"}],"replies":[{"embeddable":true,"href":"https:\/\/rna.ao\/rna.ao\/wp-json\/wp\/v2\/comments?post=209611"}],"version-history":[{"count":3,"href":"https:\/\/rna.ao\/rna.ao\/wp-json\/wp\/v2\/posts\/209611\/revisions"}],"predecessor-version":[{"id":209636,"href":"https:\/\/rna.ao\/rna.ao\/wp-json\/wp\/v2\/posts\/209611\/revisions\/209636"}],"wp:featuredmedia":[{"embeddable":true,"href":"https:\/\/rna.ao\/rna.ao\/wp-json\/wp\/v2\/media\/209622"}],"wp:attachment":[{"href":"https:\/\/rna.ao\/rna.ao\/wp-json\/wp\/v2\/media?parent=209611"}],"wp:term":[{"taxonomy":"category","embeddable":true,"href":"https:\/\/rna.ao\/rna.ao\/wp-json\/wp\/v2\/categories?post=209611"},{"taxonomy":"post_tag","embeddable":true,"href":"https:\/\/rna.ao\/rna.ao\/wp-json\/wp\/v2\/tags?post=209611"}],"curies":[{"name":"wp","href":"https:\/\/api.w.org\/{rel}","templated":true}]}}