{"id":209588,"date":"2026-03-06T10:40:13","date_gmt":"2026-03-06T09:40:13","guid":{"rendered":"https:\/\/rna.ao\/rna.ao\/?p=209588"},"modified":"2026-03-06T10:40:13","modified_gmt":"2026-03-06T09:40:13","slug":"bengo-polo-de-desenvolvimento-das-mabubas-ganha-forma-com-a-construcao-de-varios-empreendimentos","status":"publish","type":"post","link":"https:\/\/rna.ao\/rna.ao\/2026\/03\/06\/bengo-polo-de-desenvolvimento-das-mabubas-ganha-forma-com-a-construcao-de-varios-empreendimentos\/","title":{"rendered":"Bengo: Polo de desenvolvimento das Mabubas ganha forma com a constru\u00e7\u00e3o de v\u00e1rios empreendimentos"},"content":{"rendered":"<p><img loading=\"lazy\" class=\"wp-image-148293 alignleft\" src=\"https:\/\/rna.ao\/rna.ao\/wp-content\/uploads\/2024\/07\/IMG_3416-770x401.jpeg\" alt=\"\" width=\"313\" height=\"163\" srcset=\"https:\/\/rna.ao\/rna.ao\/wp-content\/uploads\/2024\/07\/IMG_3416-770x401.jpeg 770w, https:\/\/rna.ao\/rna.ao\/wp-content\/uploads\/2024\/07\/IMG_3416-1170x609.jpeg 1170w, https:\/\/rna.ao\/rna.ao\/wp-content\/uploads\/2024\/07\/IMG_3416-768x400.jpeg 768w, https:\/\/rna.ao\/rna.ao\/wp-content\/uploads\/2024\/07\/IMG_3416.jpeg 1191w\" sizes=\"(max-width: 313px) 100vw, 313px\" \/>O Polo de Desenvolvimento das Mabubas na Prov\u00edncia do Bengo, est\u00e1 a ganhar forma, com a constru\u00e7\u00e3o de v\u00e1rios empreendimentos. Nesta altura, mais uma f\u00e1brica de fertilizantes est\u00e1 a ser constru\u00edda naquela \u00e1rea de desenvolvimento econ\u00f3mica. Clique no \u00e1udio abaixo e saiba mais com o jornalista Vladimir Afonso:<\/p>\n\t<div class=\"qtmplayer-playlist-large\">\n\t\t<ul class=\"qtmplayer-playlist\">\n\t\t\t\n\t\t\t\t\t<li class=\"qtmplayer-trackitem\">\n\t\t<img src=\"https:\/\/rna.ao\/rna.ao\/wp-content\/uploads\/2023\/06\/Polo-Industrial-de-Vianaaa-100x100.jpg\" alt=\"cover\">\t\t<span \t\t\tdata-qtmplayer-cover=\"https:\/\/rna.ao\/rna.ao\/wp-content\/uploads\/2023\/06\/Polo-Industrial-de-Vianaaa-370x370.jpg\"\n\t\t\t\t\t\tdata-qtmplayer-file=\"https:\/\/rna.ao\/rna.ao\/wp-content\/uploads\/2026\/03\/BENGO-FABRICA-DE-FERTILIZANTES-07HRS.mp3\"\n\t\t\t\t\t\tdata-qtmplayer-title=\"Bengo: Polo de desenvolvimento das Mabubas ganha forma com a constru\u00e7\u00e3o de v\u00e1rios empreendimentos\"\n\t\t\t\t\t\tdata-qtmplayer-artist=\"Ant\u00f3nio Augusto\"\n\t\t\t\t\t\tdata-qtmplayer-link=\"https:\/\/rna.ao\/rna.ao\/2026\/03\/06\/bengo-polo-de-desenvolvimento-das-mabubas-ganha-forma-com-a-construcao-de-varios-empreendimentos\/\"\n\t\t\t\t\t\tdata-qtmplayer-icon=\"file_download\"\n\t\t\t\t\t\tdata-qtmplayer-type=\"track\"\n\t\t\t class=\"qtmplayer-play qtmplayer-link-sec qtmplayer-play-btn\"><i class='material-icons'>play_arrow<\/i><\/span>\n\t\t<p>\n\t\t\t<span class=\"qtmplayer-tit\">Bengo: Polo de desenvolvimento das Mabubas ganha forma com a constru\u00e7\u00e3o de v\u00e1rios empreendimentos<\/span>\n\t\t\t<span class=\"qtmplayer-art\">Ant\u00f3nio Augusto<\/span>\n\t\t<\/p>\n\t<\/li>\n\t\t<\/ul>\n\t<\/div>\t\t\t\n\t\n","protected":false},"excerpt":{"rendered":"<p>O Polo de Desenvolvimento das Mabubas na Prov\u00edncia do Bengo, est\u00e1 a ganhar forma, com a constru\u00e7\u00e3o de v\u00e1rios empreendimentos. Nesta altura, mais uma f\u00e1brica de fertilizantes est\u00e1 a ser constru\u00edda naquela \u00e1rea de desenvolvimento econ\u00f3mica. Clique no \u00e1udio abaixo e saiba mais com o jornalista Vladimir Afonso:<\/p>\n","protected":false},"author":23,"featured_media":105149,"comment_status":"closed","ping_status":"closed","sticky":false,"template":"","format":"standard","meta":[],"categories":[121,163],"tags":[],"_links":{"self":[{"href":"https:\/\/rna.ao\/rna.ao\/wp-json\/wp\/v2\/posts\/209588"}],"collection":[{"href":"https:\/\/rna.ao\/rna.ao\/wp-json\/wp\/v2\/posts"}],"about":[{"href":"https:\/\/rna.ao\/rna.ao\/wp-json\/wp\/v2\/types\/post"}],"author":[{"embeddable":true,"href":"https:\/\/rna.ao\/rna.ao\/wp-json\/wp\/v2\/users\/23"}],"replies":[{"embeddable":true,"href":"https:\/\/rna.ao\/rna.ao\/wp-json\/wp\/v2\/comments?post=209588"}],"version-history":[{"count":1,"href":"https:\/\/rna.ao\/rna.ao\/wp-json\/wp\/v2\/posts\/209588\/revisions"}],"predecessor-version":[{"id":209590,"href":"https:\/\/rna.ao\/rna.ao\/wp-json\/wp\/v2\/posts\/209588\/revisions\/209590"}],"wp:featuredmedia":[{"embeddable":true,"href":"https:\/\/rna.ao\/rna.ao\/wp-json\/wp\/v2\/media\/105149"}],"wp:attachment":[{"href":"https:\/\/rna.ao\/rna.ao\/wp-json\/wp\/v2\/media?parent=209588"}],"wp:term":[{"taxonomy":"category","embeddable":true,"href":"https:\/\/rna.ao\/rna.ao\/wp-json\/wp\/v2\/categories?post=209588"},{"taxonomy":"post_tag","embeddable":true,"href":"https:\/\/rna.ao\/rna.ao\/wp-json\/wp\/v2\/tags?post=209588"}],"curies":[{"name":"wp","href":"https:\/\/api.w.org\/{rel}","templated":true}]}}