{"id":209549,"date":"2026-03-06T09:12:46","date_gmt":"2026-03-06T08:12:46","guid":{"rendered":"https:\/\/rna.ao\/rna.ao\/?p=209549"},"modified":"2026-03-06T09:12:46","modified_gmt":"2026-03-06T08:12:46","slug":"hospital-geral-do-huambo-coloca-no-mercado-tres-medicos-especialistas-em-neonatologia","status":"publish","type":"post","link":"https:\/\/rna.ao\/rna.ao\/2026\/03\/06\/hospital-geral-do-huambo-coloca-no-mercado-tres-medicos-especialistas-em-neonatologia\/","title":{"rendered":"Hospital geral do Huambo coloca no mercado tr\u00eas m\u00e9dicos especialistas em neonatologia"},"content":{"rendered":"<p><img loading=\"lazy\" class=\"alignnone  wp-image-209552\" src=\"https:\/\/rna.ao\/rna.ao\/wp-content\/uploads\/2026\/03\/Job-Monteiro-Formacao-reuniaoo-770x433.jpg\" alt=\"\" width=\"416\" height=\"234\" srcset=\"https:\/\/rna.ao\/rna.ao\/wp-content\/uploads\/2026\/03\/Job-Monteiro-Formacao-reuniaoo-770x433.jpg 770w, https:\/\/rna.ao\/rna.ao\/wp-content\/uploads\/2026\/03\/Job-Monteiro-Formacao-reuniaoo-1170x658.jpg 1170w, https:\/\/rna.ao\/rna.ao\/wp-content\/uploads\/2026\/03\/Job-Monteiro-Formacao-reuniaoo-768x432.jpg 768w, https:\/\/rna.ao\/rna.ao\/wp-content\/uploads\/2026\/03\/Job-Monteiro-Formacao-reuniaoo.jpg 1280w\" sizes=\"(max-width: 416px) 100vw, 416px\" \/> <img loading=\"lazy\" class=\"alignnone  wp-image-209553\" src=\"https:\/\/rna.ao\/rna.ao\/wp-content\/uploads\/2026\/03\/Job-Monteiro-Formacao-reuniaooo-770x433.jpg\" alt=\"\" width=\"407\" height=\"229\" srcset=\"https:\/\/rna.ao\/rna.ao\/wp-content\/uploads\/2026\/03\/Job-Monteiro-Formacao-reuniaooo-770x433.jpg 770w, https:\/\/rna.ao\/rna.ao\/wp-content\/uploads\/2026\/03\/Job-Monteiro-Formacao-reuniaooo-1170x658.jpg 1170w, https:\/\/rna.ao\/rna.ao\/wp-content\/uploads\/2026\/03\/Job-Monteiro-Formacao-reuniaooo-768x432.jpg 768w, https:\/\/rna.ao\/rna.ao\/wp-content\/uploads\/2026\/03\/Job-Monteiro-Formacao-reuniaooo.jpg 1280w\" sizes=\"(max-width: 407px) 100vw, 407px\" \/>Angola conta com os primeiros m\u00e9dicos especialistas em neonatalogia formados no pa\u00eds. O Hospital Geral do Huambo, que activou a sua vertente acad\u00e9mico-formativa, e colocou no mercado tr\u00eas m\u00e9dicos especialistas em neonatalogia. Os profissionais assumem que est\u00e3o prontos para servir o pa\u00eds. Ou\u00e7a o desenvolvimento desta mat\u00e9ria na voz da jornalista Felismina das Dores:<\/p>\n\t<div class=\"qtmplayer-playlist-large\">\n\t\t<ul class=\"qtmplayer-playlist\">\n\t\t\t\n\t\t\t\t\t<li class=\"qtmplayer-trackitem\">\n\t\t<img src=\"https:\/\/rna.ao\/rna.ao\/wp-content\/uploads\/2026\/03\/Job-Monteiro-Formacao-reuniaooo-100x100.jpg\" alt=\"cover\">\t\t<span \t\t\tdata-qtmplayer-cover=\"https:\/\/rna.ao\/rna.ao\/wp-content\/uploads\/2026\/03\/Job-Monteiro-Formacao-reuniaooo-370x370.jpg\"\n\t\t\t\t\t\tdata-qtmplayer-file=\"https:\/\/rna.ao\/rna.ao\/wp-content\/uploads\/2026\/03\/HUAMBO-MEDICOS-17HRS.mp3\"\n\t\t\t\t\t\tdata-qtmplayer-title=\"Hospital geral do Huambo coloca no mercado tr\u00eas m\u00e9dicos especialistas em neonatologia\"\n\t\t\t\t\t\tdata-qtmplayer-artist=\"Ant\u00f3nio Augusto\"\n\t\t\t\t\t\tdata-qtmplayer-link=\"https:\/\/rna.ao\/rna.ao\/2026\/03\/06\/hospital-geral-do-huambo-coloca-no-mercado-tres-medicos-especialistas-em-neonatologia\/\"\n\t\t\t\t\t\tdata-qtmplayer-icon=\"file_download\"\n\t\t\t\t\t\tdata-qtmplayer-type=\"track\"\n\t\t\t class=\"qtmplayer-play qtmplayer-link-sec qtmplayer-play-btn\"><i class='material-icons'>play_arrow<\/i><\/span>\n\t\t<p>\n\t\t\t<span class=\"qtmplayer-tit\">Hospital geral do Huambo coloca no mercado tr\u00eas m\u00e9dicos especialistas em neonatologia<\/span>\n\t\t\t<span class=\"qtmplayer-art\">Ant\u00f3nio Augusto<\/span>\n\t\t<\/p>\n\t<\/li>\n\t\t<\/ul>\n\t<\/div>\t\t\t\n\t\n","protected":false},"excerpt":{"rendered":"<p>Angola conta com os primeiros m\u00e9dicos especialistas em neonatalogia formados no pa\u00eds. O Hospital Geral do Huambo, que activou a sua vertente acad\u00e9mico-formativa, e colocou no mercado tr\u00eas m\u00e9dicos especialistas em neonatalogia. Os profissionais assumem que est\u00e3o prontos para servir o pa\u00eds. Ou\u00e7a o desenvolvimento desta mat\u00e9ria na voz da ...<\/p>\n","protected":false},"author":23,"featured_media":209553,"comment_status":"closed","ping_status":"closed","sticky":false,"template":"","format":"standard","meta":[],"categories":[121,163],"tags":[],"_links":{"self":[{"href":"https:\/\/rna.ao\/rna.ao\/wp-json\/wp\/v2\/posts\/209549"}],"collection":[{"href":"https:\/\/rna.ao\/rna.ao\/wp-json\/wp\/v2\/posts"}],"about":[{"href":"https:\/\/rna.ao\/rna.ao\/wp-json\/wp\/v2\/types\/post"}],"author":[{"embeddable":true,"href":"https:\/\/rna.ao\/rna.ao\/wp-json\/wp\/v2\/users\/23"}],"replies":[{"embeddable":true,"href":"https:\/\/rna.ao\/rna.ao\/wp-json\/wp\/v2\/comments?post=209549"}],"version-history":[{"count":1,"href":"https:\/\/rna.ao\/rna.ao\/wp-json\/wp\/v2\/posts\/209549\/revisions"}],"predecessor-version":[{"id":209554,"href":"https:\/\/rna.ao\/rna.ao\/wp-json\/wp\/v2\/posts\/209549\/revisions\/209554"}],"wp:featuredmedia":[{"embeddable":true,"href":"https:\/\/rna.ao\/rna.ao\/wp-json\/wp\/v2\/media\/209553"}],"wp:attachment":[{"href":"https:\/\/rna.ao\/rna.ao\/wp-json\/wp\/v2\/media?parent=209549"}],"wp:term":[{"taxonomy":"category","embeddable":true,"href":"https:\/\/rna.ao\/rna.ao\/wp-json\/wp\/v2\/categories?post=209549"},{"taxonomy":"post_tag","embeddable":true,"href":"https:\/\/rna.ao\/rna.ao\/wp-json\/wp\/v2\/tags?post=209549"}],"curies":[{"name":"wp","href":"https:\/\/api.w.org\/{rel}","templated":true}]}}