{"id":209538,"date":"2026-03-06T08:43:14","date_gmt":"2026-03-06T07:43:14","guid":{"rendered":"https:\/\/rna.ao\/rna.ao\/?p=209538"},"modified":"2026-03-06T08:43:14","modified_gmt":"2026-03-06T07:43:14","slug":"executivo-angolano-vai-avancar-com-a-alteracao-do-modelo-de-organizacao-e-funcionamento-dos-transportes-publicos","status":"publish","type":"post","link":"https:\/\/rna.ao\/rna.ao\/2026\/03\/06\/executivo-angolano-vai-avancar-com-a-alteracao-do-modelo-de-organizacao-e-funcionamento-dos-transportes-publicos\/","title":{"rendered":"Executivo angolano vai avan\u00e7ar com a altera\u00e7\u00e3o do modelo de organiza\u00e7\u00e3o e funcionamento dos transportes p\u00fablicos"},"content":{"rendered":"<p><img loading=\"lazy\" class=\"wp-image-209541 alignleft\" src=\"https:\/\/rna.ao\/rna.ao\/wp-content\/uploads\/2026\/03\/Secretario-de-Estado-para-os-Transportes-Terrestres-Jorge-Bengui.jpg\" alt=\"\" width=\"346\" height=\"198\" \/>O Executivo, vai apreciar e aprovar em breve, \u00e0 altera\u00e7\u00e3o do modelo de organiza\u00e7\u00e3o e funcionamento dos transportes p\u00fablicos em Angola. O documento a ser levado ao Conselho de Ministros, vai conferir um papel relevante aos governos provinciais. Segundo o Secret\u00e1rio de Estado para os Transportes Terrestres, Jorge Bengui, o novo m\u00e9todo prev\u00ea a cria\u00e7\u00e3o de operadoras p\u00fablicas de n\u00edvel provincial. Clique no \u00e1udio abaixo e ou\u00e7a:<\/p>\n\t<div class=\"qtmplayer-playlist-large\">\n\t\t<ul class=\"qtmplayer-playlist\">\n\t\t\t\n\t\t\t\t\t<li class=\"qtmplayer-trackitem\">\n\t\t<img src=\"https:\/\/rna.ao\/rna.ao\/wp-content\/uploads\/2025\/07\/transporte-interprovincial-angola-100x100.jpg\" alt=\"cover\">\t\t<span \t\t\tdata-qtmplayer-cover=\"https:\/\/rna.ao\/rna.ao\/wp-content\/uploads\/2025\/07\/transporte-interprovincial-angola-370x370.jpg\"\n\t\t\t\t\t\tdata-qtmplayer-file=\"https:\/\/rna.ao\/rna.ao\/wp-content\/uploads\/2026\/03\/JORGE-BENGUI-06-HRS.mp3\"\n\t\t\t\t\t\tdata-qtmplayer-title=\"Executivo angolano vai avan\u00e7ar com a altera\u00e7\u00e3o do modelo de organiza\u00e7\u00e3o e funcionamento dos transportes p\u00fablicos\"\n\t\t\t\t\t\tdata-qtmplayer-artist=\"Ant\u00f3nio Augusto\"\n\t\t\t\t\t\tdata-qtmplayer-link=\"https:\/\/rna.ao\/rna.ao\/2026\/03\/06\/executivo-angolano-vai-avancar-com-a-alteracao-do-modelo-de-organizacao-e-funcionamento-dos-transportes-publicos\/\"\n\t\t\t\t\t\tdata-qtmplayer-icon=\"file_download\"\n\t\t\t\t\t\tdata-qtmplayer-type=\"track\"\n\t\t\t class=\"qtmplayer-play qtmplayer-link-sec qtmplayer-play-btn\"><i class='material-icons'>play_arrow<\/i><\/span>\n\t\t<p>\n\t\t\t<span class=\"qtmplayer-tit\">Executivo angolano vai avan\u00e7ar com a altera\u00e7\u00e3o do modelo de organiza\u00e7\u00e3o e funcionamento dos transportes p\u00fablicos<\/span>\n\t\t\t<span class=\"qtmplayer-art\">Ant\u00f3nio Augusto<\/span>\n\t\t<\/p>\n\t<\/li>\n\t\t<\/ul>\n\t<\/div>\t\t\t\n\t\n<p><img loading=\"lazy\" class=\"wp-image-186822 alignleft\" src=\"https:\/\/rna.ao\/rna.ao\/wp-content\/uploads\/2025\/07\/transporte-interprovincial-angola-770x360.jpg\" alt=\"\" width=\"400\" height=\"187\" srcset=\"https:\/\/rna.ao\/rna.ao\/wp-content\/uploads\/2025\/07\/transporte-interprovincial-angola-770x360.jpg 770w, https:\/\/rna.ao\/rna.ao\/wp-content\/uploads\/2025\/07\/transporte-interprovincial-angola-1170x547.jpg 1170w, https:\/\/rna.ao\/rna.ao\/wp-content\/uploads\/2025\/07\/transporte-interprovincial-angola-768x359.jpg 768w, https:\/\/rna.ao\/rna.ao\/wp-content\/uploads\/2025\/07\/transporte-interprovincial-angola.jpg 1280w\" sizes=\"(max-width: 400px) 100vw, 400px\" \/>E o Especialista em log\u00edstica e transportes Miguel Tumba, aplaude a iniciativa e lembra que uma mobilidade urbana planeada e de qualidade, tem impacto positivo na economia. Clique no \u00e1udio abaixo e ou\u00e7a:<\/p>\n\t<div class=\"qtmplayer-playlist-large\">\n\t\t<ul class=\"qtmplayer-playlist\">\n\t\t\t\n\t\t\t\t\t<li class=\"qtmplayer-trackitem\">\n\t\t<img src=\"https:\/\/rna.ao\/rna.ao\/wp-content\/uploads\/2025\/07\/transporte-interprovincial-angola-100x100.jpg\" alt=\"cover\">\t\t<span \t\t\tdata-qtmplayer-cover=\"https:\/\/rna.ao\/rna.ao\/wp-content\/uploads\/2025\/07\/transporte-interprovincial-angola-370x370.jpg\"\n\t\t\t\t\t\tdata-qtmplayer-file=\"https:\/\/rna.ao\/rna.ao\/wp-content\/uploads\/2026\/03\/MIGUEL-TUMBA-06-HRS.mp3\"\n\t\t\t\t\t\tdata-qtmplayer-title=\"Executivo angolano vai avan\u00e7ar com a altera\u00e7\u00e3o do modelo de organiza\u00e7\u00e3o e funcionamento dos transportes p\u00fablicos\"\n\t\t\t\t\t\tdata-qtmplayer-artist=\"Ant\u00f3nio Augusto\"\n\t\t\t\t\t\tdata-qtmplayer-link=\"https:\/\/rna.ao\/rna.ao\/2026\/03\/06\/executivo-angolano-vai-avancar-com-a-alteracao-do-modelo-de-organizacao-e-funcionamento-dos-transportes-publicos\/\"\n\t\t\t\t\t\tdata-qtmplayer-icon=\"file_download\"\n\t\t\t\t\t\tdata-qtmplayer-type=\"track\"\n\t\t\t class=\"qtmplayer-play qtmplayer-link-sec qtmplayer-play-btn\"><i class='material-icons'>play_arrow<\/i><\/span>\n\t\t<p>\n\t\t\t<span class=\"qtmplayer-tit\">Executivo angolano vai avan\u00e7ar com a altera\u00e7\u00e3o do modelo de organiza\u00e7\u00e3o e funcionamento dos transportes p\u00fablicos<\/span>\n\t\t\t<span class=\"qtmplayer-art\">Ant\u00f3nio Augusto<\/span>\n\t\t<\/p>\n\t<\/li>\n\t\t<\/ul>\n\t<\/div>\t\t\t\n\t\n","protected":false},"excerpt":{"rendered":"<p>O Executivo, vai apreciar e aprovar em breve, \u00e0 altera\u00e7\u00e3o do modelo de organiza\u00e7\u00e3o e funcionamento dos transportes p\u00fablicos em Angola. O documento a ser levado ao Conselho de Ministros, vai conferir um papel relevante aos governos provinciais. Segundo o Secret\u00e1rio de Estado para os Transportes Terrestres, Jorge Bengui, o ...<\/p>\n","protected":false},"author":23,"featured_media":186822,"comment_status":"closed","ping_status":"closed","sticky":false,"template":"","format":"standard","meta":[],"categories":[142,121,163],"tags":[],"_links":{"self":[{"href":"https:\/\/rna.ao\/rna.ao\/wp-json\/wp\/v2\/posts\/209538"}],"collection":[{"href":"https:\/\/rna.ao\/rna.ao\/wp-json\/wp\/v2\/posts"}],"about":[{"href":"https:\/\/rna.ao\/rna.ao\/wp-json\/wp\/v2\/types\/post"}],"author":[{"embeddable":true,"href":"https:\/\/rna.ao\/rna.ao\/wp-json\/wp\/v2\/users\/23"}],"replies":[{"embeddable":true,"href":"https:\/\/rna.ao\/rna.ao\/wp-json\/wp\/v2\/comments?post=209538"}],"version-history":[{"count":1,"href":"https:\/\/rna.ao\/rna.ao\/wp-json\/wp\/v2\/posts\/209538\/revisions"}],"predecessor-version":[{"id":209542,"href":"https:\/\/rna.ao\/rna.ao\/wp-json\/wp\/v2\/posts\/209538\/revisions\/209542"}],"wp:featuredmedia":[{"embeddable":true,"href":"https:\/\/rna.ao\/rna.ao\/wp-json\/wp\/v2\/media\/186822"}],"wp:attachment":[{"href":"https:\/\/rna.ao\/rna.ao\/wp-json\/wp\/v2\/media?parent=209538"}],"wp:term":[{"taxonomy":"category","embeddable":true,"href":"https:\/\/rna.ao\/rna.ao\/wp-json\/wp\/v2\/categories?post=209538"},{"taxonomy":"post_tag","embeddable":true,"href":"https:\/\/rna.ao\/rna.ao\/wp-json\/wp\/v2\/tags?post=209538"}],"curies":[{"name":"wp","href":"https:\/\/api.w.org\/{rel}","templated":true}]}}