{"id":209530,"date":"2026-03-06T08:36:14","date_gmt":"2026-03-06T07:36:14","guid":{"rendered":"https:\/\/rna.ao\/rna.ao\/?p=209530"},"modified":"2026-03-06T08:36:14","modified_gmt":"2026-03-06T07:36:14","slug":"minint-da-inicio-ao-programa-de-apoio-ao-utente-para-o-atendimento-personalizado-ao-publico","status":"publish","type":"post","link":"https:\/\/rna.ao\/rna.ao\/2026\/03\/06\/minint-da-inicio-ao-programa-de-apoio-ao-utente-para-o-atendimento-personalizado-ao-publico\/","title":{"rendered":"MININT d\u00e1 in\u00edcio ao programa de apoio ao utente para o atendimento personalizado ao p\u00fablico"},"content":{"rendered":"<p><img loading=\"lazy\" class=\"alignnone  wp-image-209535\" src=\"https:\/\/rna.ao\/rna.ao\/wp-content\/uploads\/2026\/03\/Ministro-do-Interior-Manuel-Gomes-da-Conceicao-Homem.jpg\" alt=\"\" width=\"185\" height=\"244\" \/> <img loading=\"lazy\" class=\"alignnone  wp-image-209536\" src=\"https:\/\/rna.ao\/rna.ao\/wp-content\/uploads\/2026\/03\/Ministro-do-Interior-Manuel-Gomes-da-Conceicao-HomemJ-770x490.jpg\" alt=\"\" width=\"372\" height=\"237\" srcset=\"https:\/\/rna.ao\/rna.ao\/wp-content\/uploads\/2026\/03\/Ministro-do-Interior-Manuel-Gomes-da-Conceicao-HomemJ-770x490.jpg 770w, https:\/\/rna.ao\/rna.ao\/wp-content\/uploads\/2026\/03\/Ministro-do-Interior-Manuel-Gomes-da-Conceicao-HomemJ-1170x744.jpg 1170w, https:\/\/rna.ao\/rna.ao\/wp-content\/uploads\/2026\/03\/Ministro-do-Interior-Manuel-Gomes-da-Conceicao-HomemJ-768x489.jpg 768w, https:\/\/rna.ao\/rna.ao\/wp-content\/uploads\/2026\/03\/Ministro-do-Interior-Manuel-Gomes-da-Conceicao-HomemJ.jpg 1440w\" sizes=\"(max-width: 372px) 100vw, 372px\" \/><\/p>\n<p>O Minist\u00e9rio do Interior d\u00e1 in\u00edcio amanh\u00e3, s\u00e1bado (07), em Luanda, ao programa de apoio ao utente para o atendimento personalizado ao p\u00fablico. A estrat\u00e9gia visa \u00e0 redu\u00e7\u00e3o do tempo de espera para a emiss\u00e3o da carta de condu\u00e7\u00e3o, passaporte e outros servi\u00e7os. Clique no \u00e1udio abaixo e saiba mais com a jornalista Aurora Ambriz:<\/p>\n\t<div class=\"qtmplayer-playlist-large\">\n\t\t<ul class=\"qtmplayer-playlist\">\n\t\t\t\n\t\t\t\t\t<li class=\"qtmplayer-trackitem\">\n\t\t<img src=\"https:\/\/rna.ao\/rna.ao\/wp-content\/uploads\/2026\/03\/Ministro-do-Interior-Manuel-Gomes-da-Conceicao-Homem-100x100.jpg\" alt=\"cover\">\t\t<span \t\t\tdata-qtmplayer-cover=\"https:\/\/rna.ao\/rna.ao\/wp-content\/uploads\/2026\/03\/Ministro-do-Interior-Manuel-Gomes-da-Conceicao-Homem-370x370.jpg\"\n\t\t\t\t\t\tdata-qtmplayer-file=\"https:\/\/rna.ao\/rna.ao\/wp-content\/uploads\/2026\/03\/AURORA-AMBRIZ-SME-06-HRS.mp3\"\n\t\t\t\t\t\tdata-qtmplayer-title=\"MININT d\u00e1 in\u00edcio ao programa de apoio ao utente para o atendimento personalizado ao p\u00fablico\"\n\t\t\t\t\t\tdata-qtmplayer-artist=\"Ant\u00f3nio Augusto\"\n\t\t\t\t\t\tdata-qtmplayer-link=\"https:\/\/rna.ao\/rna.ao\/2026\/03\/06\/minint-da-inicio-ao-programa-de-apoio-ao-utente-para-o-atendimento-personalizado-ao-publico\/\"\n\t\t\t\t\t\tdata-qtmplayer-icon=\"file_download\"\n\t\t\t\t\t\tdata-qtmplayer-type=\"track\"\n\t\t\t class=\"qtmplayer-play qtmplayer-link-sec qtmplayer-play-btn\"><i class='material-icons'>play_arrow<\/i><\/span>\n\t\t<p>\n\t\t\t<span class=\"qtmplayer-tit\">MININT d\u00e1 in\u00edcio ao programa de apoio ao utente para o atendimento personalizado ao p\u00fablico<\/span>\n\t\t\t<span class=\"qtmplayer-art\">Ant\u00f3nio Augusto<\/span>\n\t\t<\/p>\n\t<\/li>\n\t\t<\/ul>\n\t<\/div>\t\t\t\n\t\n","protected":false},"excerpt":{"rendered":"<p>O Minist\u00e9rio do Interior d\u00e1 in\u00edcio amanh\u00e3, s\u00e1bado (07), em Luanda, ao programa de apoio ao utente para o atendimento personalizado ao p\u00fablico. A estrat\u00e9gia visa \u00e0 redu\u00e7\u00e3o do tempo de espera para a emiss\u00e3o da carta de condu\u00e7\u00e3o, passaporte e outros servi\u00e7os. Clique no \u00e1udio abaixo e saiba mais ...<\/p>\n","protected":false},"author":23,"featured_media":209535,"comment_status":"closed","ping_status":"closed","sticky":false,"template":"","format":"standard","meta":[],"categories":[142,121,163],"tags":[],"_links":{"self":[{"href":"https:\/\/rna.ao\/rna.ao\/wp-json\/wp\/v2\/posts\/209530"}],"collection":[{"href":"https:\/\/rna.ao\/rna.ao\/wp-json\/wp\/v2\/posts"}],"about":[{"href":"https:\/\/rna.ao\/rna.ao\/wp-json\/wp\/v2\/types\/post"}],"author":[{"embeddable":true,"href":"https:\/\/rna.ao\/rna.ao\/wp-json\/wp\/v2\/users\/23"}],"replies":[{"embeddable":true,"href":"https:\/\/rna.ao\/rna.ao\/wp-json\/wp\/v2\/comments?post=209530"}],"version-history":[{"count":1,"href":"https:\/\/rna.ao\/rna.ao\/wp-json\/wp\/v2\/posts\/209530\/revisions"}],"predecessor-version":[{"id":209537,"href":"https:\/\/rna.ao\/rna.ao\/wp-json\/wp\/v2\/posts\/209530\/revisions\/209537"}],"wp:featuredmedia":[{"embeddable":true,"href":"https:\/\/rna.ao\/rna.ao\/wp-json\/wp\/v2\/media\/209535"}],"wp:attachment":[{"href":"https:\/\/rna.ao\/rna.ao\/wp-json\/wp\/v2\/media?parent=209530"}],"wp:term":[{"taxonomy":"category","embeddable":true,"href":"https:\/\/rna.ao\/rna.ao\/wp-json\/wp\/v2\/categories?post=209530"},{"taxonomy":"post_tag","embeddable":true,"href":"https:\/\/rna.ao\/rna.ao\/wp-json\/wp\/v2\/tags?post=209530"}],"curies":[{"name":"wp","href":"https:\/\/api.w.org\/{rel}","templated":true}]}}