{"id":209526,"date":"2026-03-06T08:25:26","date_gmt":"2026-03-06T07:25:26","guid":{"rendered":"https:\/\/rna.ao\/rna.ao\/?p=209526"},"modified":"2026-03-06T08:25:26","modified_gmt":"2026-03-06T07:25:26","slug":"pn-apreende-na-lunda-norte-34-mil-imigrantes-ilegais-e-mais-de-24-mil-pedras-de-diamantes","status":"publish","type":"post","link":"https:\/\/rna.ao\/rna.ao\/2026\/03\/06\/pn-apreende-na-lunda-norte-34-mil-imigrantes-ilegais-e-mais-de-24-mil-pedras-de-diamantes\/","title":{"rendered":"PN apreende na Lunda-Norte 34 mil imigrantes ilegais e mais de 24 mil pedras de diamantes"},"content":{"rendered":"<p><img loading=\"lazy\" class=\"size-full wp-image-190300 alignleft\" src=\"https:\/\/rna.ao\/rna.ao\/wp-content\/uploads\/2025\/08\/detido-com-diamantes-em-angolaa.jpg\" alt=\"\" width=\"275\" height=\"183\" \/>For\u00e7as de seguran\u00e7a e defesa na Lunda-Norte, detiveram 34 mil imigrantes ilegais e a apreens\u00e3o de mais de 24 mil pedras de diamantes, no per\u00edodo de janeiro de 2025 a fevereiro deste ano. Estes dados, constam do balan\u00e7o da actividade operativa da Pol\u00edcia Nacional na Lunda-Norte. Clique no \u00e1udio abaixo e saiba mais com o jornalista Cl\u00e1udio Pinto:<\/p>\n\t<div class=\"qtmplayer-playlist-large\">\n\t\t<ul class=\"qtmplayer-playlist\">\n\t\t\t\n\t\t\t\t\t<li class=\"qtmplayer-trackitem\">\n\t\t<img src=\"https:\/\/rna.ao\/rna.ao\/wp-content\/uploads\/2025\/08\/detido-com-diamantes-em-angolaa-100x100.jpg\" alt=\"cover\">\t\t<span \t\t\tdata-qtmplayer-cover=\"https:\/\/rna.ao\/rna.ao\/wp-content\/uploads\/2025\/08\/detido-com-diamantes-em-angolaa.jpg\"\n\t\t\t\t\t\tdata-qtmplayer-file=\"https:\/\/rna.ao\/rna.ao\/wp-content\/uploads\/2026\/03\/LUNDA-NORTE-DIAMANTE-06-HRS.mp3\"\n\t\t\t\t\t\tdata-qtmplayer-title=\"PN apreende na Lunda-Norte 34 mil imigrantes ilegais e mais de 24 mil pedras de diamantes\"\n\t\t\t\t\t\tdata-qtmplayer-artist=\"Ant\u00f3nio Augusto\"\n\t\t\t\t\t\tdata-qtmplayer-link=\"https:\/\/rna.ao\/rna.ao\/2026\/03\/06\/pn-apreende-na-lunda-norte-34-mil-imigrantes-ilegais-e-mais-de-24-mil-pedras-de-diamantes\/\"\n\t\t\t\t\t\tdata-qtmplayer-icon=\"file_download\"\n\t\t\t\t\t\tdata-qtmplayer-type=\"track\"\n\t\t\t class=\"qtmplayer-play qtmplayer-link-sec qtmplayer-play-btn\"><i class='material-icons'>play_arrow<\/i><\/span>\n\t\t<p>\n\t\t\t<span class=\"qtmplayer-tit\">PN apreende na Lunda-Norte 34 mil imigrantes ilegais e mais de 24 mil pedras de diamantes<\/span>\n\t\t\t<span class=\"qtmplayer-art\">Ant\u00f3nio Augusto<\/span>\n\t\t<\/p>\n\t<\/li>\n\t\t<\/ul>\n\t<\/div>\t\t\t\n\t\n","protected":false},"excerpt":{"rendered":"<p>For\u00e7as de seguran\u00e7a e defesa na Lunda-Norte, detiveram 34 mil imigrantes ilegais e a apreens\u00e3o de mais de 24 mil pedras de diamantes, no per\u00edodo de janeiro de 2025 a fevereiro deste ano. Estes dados, constam do balan\u00e7o da actividade operativa da Pol\u00edcia Nacional na Lunda-Norte. Clique no \u00e1udio abaixo ...<\/p>\n","protected":false},"author":23,"featured_media":190300,"comment_status":"closed","ping_status":"closed","sticky":false,"template":"","format":"standard","meta":[],"categories":[121,163],"tags":[],"_links":{"self":[{"href":"https:\/\/rna.ao\/rna.ao\/wp-json\/wp\/v2\/posts\/209526"}],"collection":[{"href":"https:\/\/rna.ao\/rna.ao\/wp-json\/wp\/v2\/posts"}],"about":[{"href":"https:\/\/rna.ao\/rna.ao\/wp-json\/wp\/v2\/types\/post"}],"author":[{"embeddable":true,"href":"https:\/\/rna.ao\/rna.ao\/wp-json\/wp\/v2\/users\/23"}],"replies":[{"embeddable":true,"href":"https:\/\/rna.ao\/rna.ao\/wp-json\/wp\/v2\/comments?post=209526"}],"version-history":[{"count":1,"href":"https:\/\/rna.ao\/rna.ao\/wp-json\/wp\/v2\/posts\/209526\/revisions"}],"predecessor-version":[{"id":209529,"href":"https:\/\/rna.ao\/rna.ao\/wp-json\/wp\/v2\/posts\/209526\/revisions\/209529"}],"wp:featuredmedia":[{"embeddable":true,"href":"https:\/\/rna.ao\/rna.ao\/wp-json\/wp\/v2\/media\/190300"}],"wp:attachment":[{"href":"https:\/\/rna.ao\/rna.ao\/wp-json\/wp\/v2\/media?parent=209526"}],"wp:term":[{"taxonomy":"category","embeddable":true,"href":"https:\/\/rna.ao\/rna.ao\/wp-json\/wp\/v2\/categories?post=209526"},{"taxonomy":"post_tag","embeddable":true,"href":"https:\/\/rna.ao\/rna.ao\/wp-json\/wp\/v2\/tags?post=209526"}],"curies":[{"name":"wp","href":"https:\/\/api.w.org\/{rel}","templated":true}]}}