{"id":209391,"date":"2026-03-05T09:53:33","date_gmt":"2026-03-05T08:53:33","guid":{"rendered":"https:\/\/rna.ao\/rna.ao\/?p=209391"},"modified":"2026-03-05T09:53:33","modified_gmt":"2026-03-05T08:53:33","slug":"moxico-regiao-do-muangai-acolhe-no-dia-13-acto-central-dos-60-anos-de-existencia-da-unita","status":"publish","type":"post","link":"https:\/\/rna.ao\/rna.ao\/2026\/03\/05\/moxico-regiao-do-muangai-acolhe-no-dia-13-acto-central-dos-60-anos-de-existencia-da-unita\/","title":{"rendered":"Moxico: Regi\u00e3o do Muangai acolhe no dia 13 acto central dos 60 anos de exist\u00eancia da UNITA"},"content":{"rendered":"<p><img loading=\"lazy\" class=\"wp-image-209394 alignleft\" src=\"https:\/\/rna.ao\/rna.ao\/wp-content\/uploads\/2026\/03\/Moxico-Regiao-do-Muanga-770x433.jpg\" alt=\"\" width=\"436\" height=\"245\" srcset=\"https:\/\/rna.ao\/rna.ao\/wp-content\/uploads\/2026\/03\/Moxico-Regiao-do-Muanga-770x433.jpg 770w, https:\/\/rna.ao\/rna.ao\/wp-content\/uploads\/2026\/03\/Moxico-Regiao-do-Muanga-768x432.jpg 768w, https:\/\/rna.ao\/rna.ao\/wp-content\/uploads\/2026\/03\/Moxico-Regiao-do-Muanga.jpg 1080w\" sizes=\"(max-width: 436px) 100vw, 436px\" \/>A UNITA, maior partido na oposi\u00e7\u00e3o, vai comemorar \u00e0 13 deste m\u00eas os seus 60 anos de exist\u00eancia. Para celebrar a data, a UNITA prev\u00ea realizar actos pol\u00edticos, actividades sociais, desportivas e culturais. O Secret\u00e1rio Geral da UNITA, Liberty Chiaka, avan\u00e7ou que a localidade do Muangai, no Moxico, vai acolher o acto especial dos 60 anos do partido do Galo Negro, por sinal fundado naquela regi\u00e3o. Clique no \u00e1udio abaixo e ou\u00e7a:<\/p>\n\t<div class=\"qtmplayer-playlist-large\">\n\t\t<ul class=\"qtmplayer-playlist\">\n\t\t\t\n\t\t\t\t\t<li class=\"qtmplayer-trackitem\">\n\t\t<img src=\"https:\/\/rna.ao\/rna.ao\/wp-content\/uploads\/2026\/03\/unita-galeria-100x100.jpg\" alt=\"cover\">\t\t<span \t\t\tdata-qtmplayer-cover=\"https:\/\/rna.ao\/rna.ao\/wp-content\/uploads\/2026\/03\/unita-galeria-370x370.jpg\"\n\t\t\t\t\t\tdata-qtmplayer-file=\"https:\/\/rna.ao\/rna.ao\/wp-content\/uploads\/2026\/03\/LIBERTY-CHIYAKA-1-20HRS.mp3\"\n\t\t\t\t\t\tdata-qtmplayer-title=\"Moxico: Regi\u00e3o do Muangai acolhe no dia 13 acto central dos 60 anos de exist\u00eancia da UNITA\"\n\t\t\t\t\t\tdata-qtmplayer-artist=\"Ant\u00f3nio Augusto\"\n\t\t\t\t\t\tdata-qtmplayer-link=\"https:\/\/rna.ao\/rna.ao\/2026\/03\/05\/moxico-regiao-do-muangai-acolhe-no-dia-13-acto-central-dos-60-anos-de-existencia-da-unita\/\"\n\t\t\t\t\t\tdata-qtmplayer-icon=\"file_download\"\n\t\t\t\t\t\tdata-qtmplayer-type=\"track\"\n\t\t\t class=\"qtmplayer-play qtmplayer-link-sec qtmplayer-play-btn\"><i class='material-icons'>play_arrow<\/i><\/span>\n\t\t<p>\n\t\t\t<span class=\"qtmplayer-tit\">Moxico: Regi\u00e3o do Muangai acolhe no dia 13 acto central dos 60 anos de exist\u00eancia da UNITA<\/span>\n\t\t\t<span class=\"qtmplayer-art\">Ant\u00f3nio Augusto<\/span>\n\t\t<\/p>\n\t<\/li>\n\t\t<\/ul>\n\t<\/div>\t\t\t\n\t\n<p><img loading=\"lazy\" class=\"size-full wp-image-113067 alignleft\" src=\"https:\/\/rna.ao\/rna.ao\/wp-content\/uploads\/2023\/08\/Liberty-Chiyaka.jpg\" alt=\"\" width=\"346\" height=\"231\" \/>Liberty Chiaka reafirmou que o projecto pol\u00edtico da UNITA consiste na preserva\u00e7\u00e3o da dignidade dos cidad\u00e3os, unidade do Estado e constru\u00e7\u00e3o da na\u00e7\u00e3o angolana. Clique no \u00e1udio abaixo e ou\u00e7a:<\/p>\n\t<div class=\"qtmplayer-playlist-large\">\n\t\t<ul class=\"qtmplayer-playlist\">\n\t\t\t\n\t\t\t\t\t<li class=\"qtmplayer-trackitem\">\n\t\t<img src=\"https:\/\/rna.ao\/rna.ao\/wp-content\/uploads\/2026\/03\/unita-galeria-100x100.jpg\" alt=\"cover\">\t\t<span \t\t\tdata-qtmplayer-cover=\"https:\/\/rna.ao\/rna.ao\/wp-content\/uploads\/2026\/03\/unita-galeria-370x370.jpg\"\n\t\t\t\t\t\tdata-qtmplayer-file=\"https:\/\/rna.ao\/rna.ao\/wp-content\/uploads\/2026\/03\/LIBERTY-CHIYAKA-2-20HRS.mp3\"\n\t\t\t\t\t\tdata-qtmplayer-title=\"Moxico: Regi\u00e3o do Muangai acolhe no dia 13 acto central dos 60 anos de exist\u00eancia da UNITA\"\n\t\t\t\t\t\tdata-qtmplayer-artist=\"Ant\u00f3nio Augusto\"\n\t\t\t\t\t\tdata-qtmplayer-link=\"https:\/\/rna.ao\/rna.ao\/2026\/03\/05\/moxico-regiao-do-muangai-acolhe-no-dia-13-acto-central-dos-60-anos-de-existencia-da-unita\/\"\n\t\t\t\t\t\tdata-qtmplayer-icon=\"file_download\"\n\t\t\t\t\t\tdata-qtmplayer-type=\"track\"\n\t\t\t class=\"qtmplayer-play qtmplayer-link-sec qtmplayer-play-btn\"><i class='material-icons'>play_arrow<\/i><\/span>\n\t\t<p>\n\t\t\t<span class=\"qtmplayer-tit\">Moxico: Regi\u00e3o do Muangai acolhe no dia 13 acto central dos 60 anos de exist\u00eancia da UNITA<\/span>\n\t\t\t<span class=\"qtmplayer-art\">Ant\u00f3nio Augusto<\/span>\n\t\t<\/p>\n\t<\/li>\n\t\t<\/ul>\n\t<\/div>\t\t\t\n\t\n","protected":false},"excerpt":{"rendered":"<p>A UNITA, maior partido na oposi\u00e7\u00e3o, vai comemorar \u00e0 13 deste m\u00eas os seus 60 anos de exist\u00eancia. Para celebrar a data, a UNITA prev\u00ea realizar actos pol\u00edticos, actividades sociais, desportivas e culturais. O Secret\u00e1rio Geral da UNITA, Liberty Chiaka, avan\u00e7ou que a localidade do Muangai, no Moxico, vai acolher ...<\/p>\n","protected":false},"author":23,"featured_media":209395,"comment_status":"closed","ping_status":"closed","sticky":false,"template":"","format":"standard","meta":[],"categories":[142,121,163],"tags":[],"_links":{"self":[{"href":"https:\/\/rna.ao\/rna.ao\/wp-json\/wp\/v2\/posts\/209391"}],"collection":[{"href":"https:\/\/rna.ao\/rna.ao\/wp-json\/wp\/v2\/posts"}],"about":[{"href":"https:\/\/rna.ao\/rna.ao\/wp-json\/wp\/v2\/types\/post"}],"author":[{"embeddable":true,"href":"https:\/\/rna.ao\/rna.ao\/wp-json\/wp\/v2\/users\/23"}],"replies":[{"embeddable":true,"href":"https:\/\/rna.ao\/rna.ao\/wp-json\/wp\/v2\/comments?post=209391"}],"version-history":[{"count":1,"href":"https:\/\/rna.ao\/rna.ao\/wp-json\/wp\/v2\/posts\/209391\/revisions"}],"predecessor-version":[{"id":209396,"href":"https:\/\/rna.ao\/rna.ao\/wp-json\/wp\/v2\/posts\/209391\/revisions\/209396"}],"wp:featuredmedia":[{"embeddable":true,"href":"https:\/\/rna.ao\/rna.ao\/wp-json\/wp\/v2\/media\/209395"}],"wp:attachment":[{"href":"https:\/\/rna.ao\/rna.ao\/wp-json\/wp\/v2\/media?parent=209391"}],"wp:term":[{"taxonomy":"category","embeddable":true,"href":"https:\/\/rna.ao\/rna.ao\/wp-json\/wp\/v2\/categories?post=209391"},{"taxonomy":"post_tag","embeddable":true,"href":"https:\/\/rna.ao\/rna.ao\/wp-json\/wp\/v2\/tags?post=209391"}],"curies":[{"name":"wp","href":"https:\/\/api.w.org\/{rel}","templated":true}]}}