{"id":209378,"date":"2026-03-05T09:32:56","date_gmt":"2026-03-05T08:32:56","guid":{"rendered":"https:\/\/rna.ao\/rna.ao\/?p=209378"},"modified":"2026-03-05T09:32:56","modified_gmt":"2026-03-05T08:32:56","slug":"angola-vai-contar-com-as-experiencias-da-hungria-na-modernizacao-do-sistema-de-transporte-e-na-melhoria-da-mobilidade-urbana","status":"publish","type":"post","link":"https:\/\/rna.ao\/rna.ao\/2026\/03\/05\/angola-vai-contar-com-as-experiencias-da-hungria-na-modernizacao-do-sistema-de-transporte-e-na-melhoria-da-mobilidade-urbana\/","title":{"rendered":"Angola vai contar com as experi\u00eancias da Hungria na moderniza\u00e7\u00e3o do sistema de transporte e na melhoria da mobilidade urbana"},"content":{"rendered":"<p><img loading=\"lazy\" class=\"wp-image-87697 alignleft\" src=\"https:\/\/rna.ao\/rna.ao\/wp-content\/uploads\/2023\/01\/Mintrans_News_11_large-770x462.jpg\" alt=\"\" width=\"398\" height=\"239\" srcset=\"https:\/\/rna.ao\/rna.ao\/wp-content\/uploads\/2023\/01\/Mintrans_News_11_large-770x462.jpg 770w, https:\/\/rna.ao\/rna.ao\/wp-content\/uploads\/2023\/01\/Mintrans_News_11_large-768x461.jpg 768w, https:\/\/rna.ao\/rna.ao\/wp-content\/uploads\/2023\/01\/Mintrans_News_11_large.jpg 1000w\" sizes=\"(max-width: 398px) 100vw, 398px\" \/>Angola busca parcerias internacionais para a defini\u00e7\u00e3o de solu\u00e7\u00f5es para a mobilidade urbana no pa\u00eds. A Hungria, uma na\u00e7\u00e3o da Europa consta da lista de pa\u00edses com os quais Angola quer contar com as suas experi\u00eancias na moderniza\u00e7\u00e3o do sistema de transporte e na melhoria da mobilidade urbana. Nesta altura, est\u00e1 a caminho de Budapeste, uma delega\u00e7\u00e3o angolana chefiada pelo Secret\u00e1rio de Estado para os Transportes Terrestres, Jorge Bengue, com o objectivo de fazer uma prospec\u00e7\u00e3o por solu\u00e7\u00f5es inovadoras para a mobilidade urbana em Angola. O Secret\u00e1rio de Estado Jorge Bengui, diz que a ideia dessa estrat\u00e9gia \u00e9 definir solu\u00e7\u00f5es praticas para evitar os sinais de insustentabilidade na mobilidade urbana em Angola. Clique no \u00e1udio abaixo e ou\u00e7a:<\/p>\n\t<div class=\"qtmplayer-playlist-large\">\n\t\t<ul class=\"qtmplayer-playlist\">\n\t\t\t\n\t\t\t\t\t<li class=\"qtmplayer-trackitem\">\n\t\t<img src=\"https:\/\/rna.ao\/rna.ao\/wp-content\/uploads\/2022\/11\/transito-100x100.jpg\" alt=\"cover\">\t\t<span \t\t\tdata-qtmplayer-cover=\"https:\/\/rna.ao\/rna.ao\/wp-content\/uploads\/2022\/11\/transito-370x370.jpg\"\n\t\t\t\t\t\tdata-qtmplayer-file=\"https:\/\/rna.ao\/rna.ao\/wp-content\/uploads\/2026\/03\/JORGE-BENGUI-1-07-HRS.mp3\"\n\t\t\t\t\t\tdata-qtmplayer-title=\"Angola vai contar com as experi\u00eancias da Hungria na moderniza\u00e7\u00e3o do sistema de transporte e na melhoria da mobilidade urbana\"\n\t\t\t\t\t\tdata-qtmplayer-artist=\"Ant\u00f3nio Augusto\"\n\t\t\t\t\t\tdata-qtmplayer-link=\"https:\/\/rna.ao\/rna.ao\/2026\/03\/05\/angola-vai-contar-com-as-experiencias-da-hungria-na-modernizacao-do-sistema-de-transporte-e-na-melhoria-da-mobilidade-urbana\/\"\n\t\t\t\t\t\tdata-qtmplayer-icon=\"file_download\"\n\t\t\t\t\t\tdata-qtmplayer-type=\"track\"\n\t\t\t class=\"qtmplayer-play qtmplayer-link-sec qtmplayer-play-btn\"><i class='material-icons'>play_arrow<\/i><\/span>\n\t\t<p>\n\t\t\t<span class=\"qtmplayer-tit\">Angola vai contar com as experi\u00eancias da Hungria na moderniza\u00e7\u00e3o do sistema de transporte e na melhoria da mobilidade urbana<\/span>\n\t\t\t<span class=\"qtmplayer-art\">Ant\u00f3nio Augusto<\/span>\n\t\t<\/p>\n\t<\/li>\n\t\t<\/ul>\n\t<\/div>\t\t\t\n\t\n<p>Com esse levantamento e busca de experi\u00eancia de outras geografias o Secret\u00e1rio de Estado, Jorge Bengui, garante que o governo angolano d\u00e1 mostras consolidadas do projecto de altera\u00e7\u00e3o do modelo de organiza\u00e7\u00e3o e funcionamento dos transportes p\u00fablicos. Clique no \u00e1udio abaixo e ou\u00e7a:<\/p>\n\t<div class=\"qtmplayer-playlist-large\">\n\t\t<ul class=\"qtmplayer-playlist\">\n\t\t\t\n\t\t\t\t\t<li class=\"qtmplayer-trackitem\">\n\t\t<img src=\"https:\/\/rna.ao\/rna.ao\/wp-content\/uploads\/2022\/11\/transito-100x100.jpg\" alt=\"cover\">\t\t<span \t\t\tdata-qtmplayer-cover=\"https:\/\/rna.ao\/rna.ao\/wp-content\/uploads\/2022\/11\/transito-370x370.jpg\"\n\t\t\t\t\t\tdata-qtmplayer-file=\"https:\/\/rna.ao\/rna.ao\/wp-content\/uploads\/2026\/03\/JORGE-BENGUI-2-07-HRS.mp3\"\n\t\t\t\t\t\tdata-qtmplayer-title=\"Angola vai contar com as experi\u00eancias da Hungria na moderniza\u00e7\u00e3o do sistema de transporte e na melhoria da mobilidade urbana\"\n\t\t\t\t\t\tdata-qtmplayer-artist=\"Ant\u00f3nio Augusto\"\n\t\t\t\t\t\tdata-qtmplayer-link=\"https:\/\/rna.ao\/rna.ao\/2026\/03\/05\/angola-vai-contar-com-as-experiencias-da-hungria-na-modernizacao-do-sistema-de-transporte-e-na-melhoria-da-mobilidade-urbana\/\"\n\t\t\t\t\t\tdata-qtmplayer-icon=\"file_download\"\n\t\t\t\t\t\tdata-qtmplayer-type=\"track\"\n\t\t\t class=\"qtmplayer-play qtmplayer-link-sec qtmplayer-play-btn\"><i class='material-icons'>play_arrow<\/i><\/span>\n\t\t<p>\n\t\t\t<span class=\"qtmplayer-tit\">Angola vai contar com as experi\u00eancias da Hungria na moderniza\u00e7\u00e3o do sistema de transporte e na melhoria da mobilidade urbana<\/span>\n\t\t\t<span class=\"qtmplayer-art\">Ant\u00f3nio Augusto<\/span>\n\t\t<\/p>\n\t<\/li>\n\t\t<\/ul>\n\t<\/div>\t\t\t\n\t\n<p>Uma iniciativa saudada pelo especialista em log\u00edstica e transportes, Miguel Tumba, que entende que uma vez consolidada a estrat\u00e9gia, Angola estar\u00e1 a fazer a sua estrada para o desenvolvimento. Clique no \u00e1udio abaixo e ou\u00e7a:<\/p>\n\t<div class=\"qtmplayer-playlist-large\">\n\t\t<ul class=\"qtmplayer-playlist\">\n\t\t\t\n\t\t\t\t\t<li class=\"qtmplayer-trackitem\">\n\t\t<img src=\"https:\/\/rna.ao\/rna.ao\/wp-content\/uploads\/2022\/11\/transito-100x100.jpg\" alt=\"cover\">\t\t<span \t\t\tdata-qtmplayer-cover=\"https:\/\/rna.ao\/rna.ao\/wp-content\/uploads\/2022\/11\/transito-370x370.jpg\"\n\t\t\t\t\t\tdata-qtmplayer-file=\"https:\/\/rna.ao\/rna.ao\/wp-content\/uploads\/2026\/03\/MIGUEL-TUMBA-07HRS.mp3\"\n\t\t\t\t\t\tdata-qtmplayer-title=\"Angola vai contar com as experi\u00eancias da Hungria na moderniza\u00e7\u00e3o do sistema de transporte e na melhoria da mobilidade urbana\"\n\t\t\t\t\t\tdata-qtmplayer-artist=\"Ant\u00f3nio Augusto\"\n\t\t\t\t\t\tdata-qtmplayer-link=\"https:\/\/rna.ao\/rna.ao\/2026\/03\/05\/angola-vai-contar-com-as-experiencias-da-hungria-na-modernizacao-do-sistema-de-transporte-e-na-melhoria-da-mobilidade-urbana\/\"\n\t\t\t\t\t\tdata-qtmplayer-icon=\"file_download\"\n\t\t\t\t\t\tdata-qtmplayer-type=\"track\"\n\t\t\t class=\"qtmplayer-play qtmplayer-link-sec qtmplayer-play-btn\"><i class='material-icons'>play_arrow<\/i><\/span>\n\t\t<p>\n\t\t\t<span class=\"qtmplayer-tit\">Angola vai contar com as experi\u00eancias da Hungria na moderniza\u00e7\u00e3o do sistema de transporte e na melhoria da mobilidade urbana<\/span>\n\t\t\t<span class=\"qtmplayer-art\">Ant\u00f3nio Augusto<\/span>\n\t\t<\/p>\n\t<\/li>\n\t\t<\/ul>\n\t<\/div>\t\t\t\n\t\n<p>&nbsp;<\/p>\n","protected":false},"excerpt":{"rendered":"<p>Angola busca parcerias internacionais para a defini\u00e7\u00e3o de solu\u00e7\u00f5es para a mobilidade urbana no pa\u00eds. A Hungria, uma na\u00e7\u00e3o da Europa consta da lista de pa\u00edses com os quais Angola quer contar com as suas experi\u00eancias na moderniza\u00e7\u00e3o do sistema de transporte e na melhoria da mobilidade urbana. Nesta altura, ...<\/p>\n","protected":false},"author":23,"featured_media":82705,"comment_status":"closed","ping_status":"closed","sticky":false,"template":"","format":"standard","meta":[],"categories":[142,121,163],"tags":[],"_links":{"self":[{"href":"https:\/\/rna.ao\/rna.ao\/wp-json\/wp\/v2\/posts\/209378"}],"collection":[{"href":"https:\/\/rna.ao\/rna.ao\/wp-json\/wp\/v2\/posts"}],"about":[{"href":"https:\/\/rna.ao\/rna.ao\/wp-json\/wp\/v2\/types\/post"}],"author":[{"embeddable":true,"href":"https:\/\/rna.ao\/rna.ao\/wp-json\/wp\/v2\/users\/23"}],"replies":[{"embeddable":true,"href":"https:\/\/rna.ao\/rna.ao\/wp-json\/wp\/v2\/comments?post=209378"}],"version-history":[{"count":1,"href":"https:\/\/rna.ao\/rna.ao\/wp-json\/wp\/v2\/posts\/209378\/revisions"}],"predecessor-version":[{"id":209384,"href":"https:\/\/rna.ao\/rna.ao\/wp-json\/wp\/v2\/posts\/209378\/revisions\/209384"}],"wp:featuredmedia":[{"embeddable":true,"href":"https:\/\/rna.ao\/rna.ao\/wp-json\/wp\/v2\/media\/82705"}],"wp:attachment":[{"href":"https:\/\/rna.ao\/rna.ao\/wp-json\/wp\/v2\/media?parent=209378"}],"wp:term":[{"taxonomy":"category","embeddable":true,"href":"https:\/\/rna.ao\/rna.ao\/wp-json\/wp\/v2\/categories?post=209378"},{"taxonomy":"post_tag","embeddable":true,"href":"https:\/\/rna.ao\/rna.ao\/wp-json\/wp\/v2\/tags?post=209378"}],"curies":[{"name":"wp","href":"https:\/\/api.w.org\/{rel}","templated":true}]}}