{"id":209371,"date":"2026-03-05T09:15:35","date_gmt":"2026-03-05T08:15:35","guid":{"rendered":"https:\/\/rna.ao\/rna.ao\/?p=209371"},"modified":"2026-03-05T09:15:35","modified_gmt":"2026-03-05T08:15:35","slug":"alteracoes-ao-codigo-de-valores-mobiliarios-em-discussao-nas-comissoes-de-trabalho-especializadas-da-assembleia-nacional","status":"publish","type":"post","link":"https:\/\/rna.ao\/rna.ao\/2026\/03\/05\/alteracoes-ao-codigo-de-valores-mobiliarios-em-discussao-nas-comissoes-de-trabalho-especializadas-da-assembleia-nacional\/","title":{"rendered":"Altera\u00e7\u00f5es ao C\u00f3digo de Valores Mobili\u00e1rios em discuss\u00e3o nas comiss\u00f5es de trabalho especializadas da Assembleia Nacional"},"content":{"rendered":"<p><img loading=\"lazy\" class=\"wp-image-139529 alignleft\" src=\"https:\/\/rna.ao\/rna.ao\/wp-content\/uploads\/2024\/05\/assembleia-770x513.jpg\" alt=\"\" width=\"348\" height=\"232\" srcset=\"https:\/\/rna.ao\/rna.ao\/wp-content\/uploads\/2024\/05\/assembleia-770x513.jpg 770w, https:\/\/rna.ao\/rna.ao\/wp-content\/uploads\/2024\/05\/assembleia-1170x780.jpg 1170w, https:\/\/rna.ao\/rna.ao\/wp-content\/uploads\/2024\/05\/assembleia-768x512.jpg 768w, https:\/\/rna.ao\/rna.ao\/wp-content\/uploads\/2024\/05\/assembleia.jpg 1280w\" sizes=\"(max-width: 348px) 100vw, 348px\" \/>A proposta de altera\u00e7\u00e3o ao C\u00f3digo de Valores Mobili\u00e1rios continua a ser analisada hoje, quinta-feira, 5, nas comiss\u00f5es especializadas da Assembleia Nacional. Entre os principais pontos em an\u00e1lise dos parlamentares, est\u00e3o o refor\u00e7o dos mecanismos de supervis\u00e3o, a cria\u00e7\u00e3o de maiores garantias para os investidores, a melhoria das condi\u00e7\u00f5es de transpar\u00eancia assim como o funcionamento do mercado de capitais em Angola. Clique no \u00e1udio abaixo e saiba mais com o jornalista Ant\u00f3nio Chocolate:<\/p>\n\t<div class=\"qtmplayer-playlist-large\">\n\t\t<ul class=\"qtmplayer-playlist\">\n\t\t\t\n\t\t\t\t\t<li class=\"qtmplayer-trackitem\">\n\t\t<img src=\"https:\/\/rna.ao\/rna.ao\/wp-content\/uploads\/2024\/05\/assembleia-100x100.jpg\" alt=\"cover\">\t\t<span \t\t\tdata-qtmplayer-cover=\"https:\/\/rna.ao\/rna.ao\/wp-content\/uploads\/2024\/05\/assembleia-370x370.jpg\"\n\t\t\t\t\t\tdata-qtmplayer-file=\"https:\/\/rna.ao\/rna.ao\/wp-content\/uploads\/2026\/03\/ANTONIO-CHOCOLATE-07HRS-1.mp3\"\n\t\t\t\t\t\tdata-qtmplayer-title=\"Altera\u00e7\u00f5es ao C\u00f3digo de Valores Mobili\u00e1rios em discuss\u00e3o nas comiss\u00f5es de trabalho especializadas da Assembleia Nacional\"\n\t\t\t\t\t\tdata-qtmplayer-artist=\"Ant\u00f3nio Augusto\"\n\t\t\t\t\t\tdata-qtmplayer-link=\"https:\/\/rna.ao\/rna.ao\/2026\/03\/05\/alteracoes-ao-codigo-de-valores-mobiliarios-em-discussao-nas-comissoes-de-trabalho-especializadas-da-assembleia-nacional\/\"\n\t\t\t\t\t\tdata-qtmplayer-icon=\"file_download\"\n\t\t\t\t\t\tdata-qtmplayer-type=\"track\"\n\t\t\t class=\"qtmplayer-play qtmplayer-link-sec qtmplayer-play-btn\"><i class='material-icons'>play_arrow<\/i><\/span>\n\t\t<p>\n\t\t\t<span class=\"qtmplayer-tit\">Altera\u00e7\u00f5es ao C\u00f3digo de Valores Mobili\u00e1rios em discuss\u00e3o nas comiss\u00f5es de trabalho especializadas da Assembleia Nacional<\/span>\n\t\t\t<span class=\"qtmplayer-art\">Ant\u00f3nio Augusto<\/span>\n\t\t<\/p>\n\t<\/li>\n\t\t<\/ul>\n\t<\/div>\t\t\t\n\t\n","protected":false},"excerpt":{"rendered":"<p>A proposta de altera\u00e7\u00e3o ao C\u00f3digo de Valores Mobili\u00e1rios continua a ser analisada hoje, quinta-feira, 5, nas comiss\u00f5es especializadas da Assembleia Nacional. Entre os principais pontos em an\u00e1lise dos parlamentares, est\u00e3o o refor\u00e7o dos mecanismos de supervis\u00e3o, a cria\u00e7\u00e3o de maiores garantias para os investidores, a melhoria das condi\u00e7\u00f5es de ...<\/p>\n","protected":false},"author":23,"featured_media":139529,"comment_status":"closed","ping_status":"closed","sticky":false,"template":"","format":"standard","meta":[],"categories":[142,121,163],"tags":[],"_links":{"self":[{"href":"https:\/\/rna.ao\/rna.ao\/wp-json\/wp\/v2\/posts\/209371"}],"collection":[{"href":"https:\/\/rna.ao\/rna.ao\/wp-json\/wp\/v2\/posts"}],"about":[{"href":"https:\/\/rna.ao\/rna.ao\/wp-json\/wp\/v2\/types\/post"}],"author":[{"embeddable":true,"href":"https:\/\/rna.ao\/rna.ao\/wp-json\/wp\/v2\/users\/23"}],"replies":[{"embeddable":true,"href":"https:\/\/rna.ao\/rna.ao\/wp-json\/wp\/v2\/comments?post=209371"}],"version-history":[{"count":1,"href":"https:\/\/rna.ao\/rna.ao\/wp-json\/wp\/v2\/posts\/209371\/revisions"}],"predecessor-version":[{"id":209373,"href":"https:\/\/rna.ao\/rna.ao\/wp-json\/wp\/v2\/posts\/209371\/revisions\/209373"}],"wp:featuredmedia":[{"embeddable":true,"href":"https:\/\/rna.ao\/rna.ao\/wp-json\/wp\/v2\/media\/139529"}],"wp:attachment":[{"href":"https:\/\/rna.ao\/rna.ao\/wp-json\/wp\/v2\/media?parent=209371"}],"wp:term":[{"taxonomy":"category","embeddable":true,"href":"https:\/\/rna.ao\/rna.ao\/wp-json\/wp\/v2\/categories?post=209371"},{"taxonomy":"post_tag","embeddable":true,"href":"https:\/\/rna.ao\/rna.ao\/wp-json\/wp\/v2\/tags?post=209371"}],"curies":[{"name":"wp","href":"https:\/\/api.w.org\/{rel}","templated":true}]}}