{"id":209353,"date":"2026-03-05T08:52:53","date_gmt":"2026-03-05T07:52:53","guid":{"rendered":"https:\/\/rna.ao\/rna.ao\/?p=209353"},"modified":"2026-03-05T08:52:53","modified_gmt":"2026-03-05T07:52:53","slug":"saiba-agora-os-tres-locais-onde-o-papa-leao-xiv-vai-celebrar-missas-campais-em-angola","status":"publish","type":"post","link":"https:\/\/rna.ao\/rna.ao\/2026\/03\/05\/saiba-agora-os-tres-locais-onde-o-papa-leao-xiv-vai-celebrar-missas-campais-em-angola\/","title":{"rendered":"Saiba agora os tr\u00eas locais onde o Papa Le\u00e3o XIV vai celebrar missas campais em Angola"},"content":{"rendered":"<p><img loading=\"lazy\" class=\"wp-image-204723 alignleft\" src=\"https:\/\/rna.ao\/rna.ao\/wp-content\/uploads\/2026\/01\/Papa-Leao-XIV-770x508.jpg\" alt=\"\" width=\"388\" height=\"256\" srcset=\"https:\/\/rna.ao\/rna.ao\/wp-content\/uploads\/2026\/01\/Papa-Leao-XIV-770x508.jpg 770w, https:\/\/rna.ao\/rna.ao\/wp-content\/uploads\/2026\/01\/Papa-Leao-XIV-768x506.jpg 768w, https:\/\/rna.ao\/rna.ao\/wp-content\/uploads\/2026\/01\/Papa-Leao-XIV.jpg 1024w\" sizes=\"(max-width: 388px) 100vw, 388px\" \/>O Santo Papa, Papa Le\u00e3o XIV, visita Angola de 18 a 21 de Abril, por isso, a Comiss\u00e3o que est\u00e1 a preparar a vinda do Papa, voltou a reunir-se sob orienta\u00e7\u00e3o do Presidente da Rep\u00fablica, Jo\u00e3o Louren\u00e7o, para avaliar o grau de prepara\u00e7\u00e3o da visita. Na ocasi\u00e3o, a Ministra de Estado para a \u00c1rea Social, Maria do Ros\u00e1rio Bragan\u00e7a, garantiu empenho do nosso pa\u00eds para que a peregrina\u00e7\u00e3o do Papa decorra com \u00eaxito. Clique no \u00e1udio abaixo e ou\u00e7a:<\/p>\n\t<div class=\"qtmplayer-playlist-large\">\n\t\t<ul class=\"qtmplayer-playlist\">\n\t\t\t\n\t\t\t\t\t<li class=\"qtmplayer-trackitem\">\n\t\t<img src=\"https:\/\/rna.ao\/rna.ao\/wp-content\/uploads\/2026\/01\/Papa-Leao-XIV-100x100.jpg\" alt=\"cover\">\t\t<span \t\t\tdata-qtmplayer-cover=\"https:\/\/rna.ao\/rna.ao\/wp-content\/uploads\/2026\/01\/Papa-Leao-XIV-370x370.jpg\"\n\t\t\t\t\t\tdata-qtmplayer-file=\"https:\/\/rna.ao\/rna.ao\/wp-content\/uploads\/2026\/03\/MARIA-DE-ROSARIO-BRAGANCA-1-06HRS.mp3\"\n\t\t\t\t\t\tdata-qtmplayer-title=\"Saiba agora os tr\u00eas locais onde o Papa Le\u00e3o XIV vai celebrar missas campais em Angola\"\n\t\t\t\t\t\tdata-qtmplayer-artist=\"Ant\u00f3nio Augusto\"\n\t\t\t\t\t\tdata-qtmplayer-link=\"https:\/\/rna.ao\/rna.ao\/2026\/03\/05\/saiba-agora-os-tres-locais-onde-o-papa-leao-xiv-vai-celebrar-missas-campais-em-angola\/\"\n\t\t\t\t\t\tdata-qtmplayer-icon=\"file_download\"\n\t\t\t\t\t\tdata-qtmplayer-type=\"track\"\n\t\t\t class=\"qtmplayer-play qtmplayer-link-sec qtmplayer-play-btn\"><i class='material-icons'>play_arrow<\/i><\/span>\n\t\t<p>\n\t\t\t<span class=\"qtmplayer-tit\">Saiba agora os tr\u00eas locais onde o Papa Le\u00e3o XIV vai celebrar missas campais em Angola<\/span>\n\t\t\t<span class=\"qtmplayer-art\">Ant\u00f3nio Augusto<\/span>\n\t\t<\/p>\n\t<\/li>\n\t\t<\/ul>\n\t<\/div>\t\t\t\n\t\n<p><img loading=\"lazy\" class=\"size-full wp-image-132918 alignleft\" src=\"https:\/\/rna.ao\/rna.ao\/wp-content\/uploads\/2024\/02\/Maria-do-Rosario-Braganca.jpg\" alt=\"\" width=\"372\" height=\"213\" srcset=\"https:\/\/rna.ao\/rna.ao\/wp-content\/uploads\/2024\/02\/Maria-do-Rosario-Braganca.jpg 372w, https:\/\/rna.ao\/rna.ao\/wp-content\/uploads\/2024\/02\/Maria-do-Rosario-Braganca-370x213.jpg 370w\" sizes=\"(max-width: 372px) 100vw, 372px\" \/>Maria do Ros\u00e1rio Bragan\u00e7a, disse ainda que existe uma boa articula\u00e7\u00e3o entre o Governo Angolano e a Nunciatura Apost\u00f3lica para o sucesso das tr\u00eas missas campais que Papa Le\u00e3o XIV, vai celebrar no Kilamba, na Muxima e em Saurimo. Clique no \u00e1udio abaixo e ou\u00e7a:<\/p>\n\t<div class=\"qtmplayer-playlist-large\">\n\t\t<ul class=\"qtmplayer-playlist\">\n\t\t\t\n\t\t\t\t\t<li class=\"qtmplayer-trackitem\">\n\t\t<img src=\"https:\/\/rna.ao\/rna.ao\/wp-content\/uploads\/2026\/01\/Papa-Leao-XIV-100x100.jpg\" alt=\"cover\">\t\t<span \t\t\tdata-qtmplayer-cover=\"https:\/\/rna.ao\/rna.ao\/wp-content\/uploads\/2026\/01\/Papa-Leao-XIV-370x370.jpg\"\n\t\t\t\t\t\tdata-qtmplayer-file=\"https:\/\/rna.ao\/rna.ao\/wp-content\/uploads\/2026\/03\/MARIA-DE-ROSARIO-BRAGANCA-2-06HRS.mp3\"\n\t\t\t\t\t\tdata-qtmplayer-title=\"Saiba agora os tr\u00eas locais onde o Papa Le\u00e3o XIV vai celebrar missas campais em Angola\"\n\t\t\t\t\t\tdata-qtmplayer-artist=\"Ant\u00f3nio Augusto\"\n\t\t\t\t\t\tdata-qtmplayer-link=\"https:\/\/rna.ao\/rna.ao\/2026\/03\/05\/saiba-agora-os-tres-locais-onde-o-papa-leao-xiv-vai-celebrar-missas-campais-em-angola\/\"\n\t\t\t\t\t\tdata-qtmplayer-icon=\"file_download\"\n\t\t\t\t\t\tdata-qtmplayer-type=\"track\"\n\t\t\t class=\"qtmplayer-play qtmplayer-link-sec qtmplayer-play-btn\"><i class='material-icons'>play_arrow<\/i><\/span>\n\t\t<p>\n\t\t\t<span class=\"qtmplayer-tit\">Saiba agora os tr\u00eas locais onde o Papa Le\u00e3o XIV vai celebrar missas campais em Angola<\/span>\n\t\t\t<span class=\"qtmplayer-art\">Ant\u00f3nio Augusto<\/span>\n\t\t<\/p>\n\t<\/li>\n\t\t<\/ul>\n\t<\/div>\t\t\t\n\t\n","protected":false},"excerpt":{"rendered":"<p>O Santo Papa, Papa Le\u00e3o XIV, visita Angola de 18 a 21 de Abril, por isso, a Comiss\u00e3o que est\u00e1 a preparar a vinda do Papa, voltou a reunir-se sob orienta\u00e7\u00e3o do Presidente da Rep\u00fablica, Jo\u00e3o Louren\u00e7o, para avaliar o grau de prepara\u00e7\u00e3o da visita. Na ocasi\u00e3o, a Ministra de ...<\/p>\n","protected":false},"author":23,"featured_media":204723,"comment_status":"closed","ping_status":"closed","sticky":false,"template":"","format":"standard","meta":[],"categories":[142,121,163],"tags":[],"_links":{"self":[{"href":"https:\/\/rna.ao\/rna.ao\/wp-json\/wp\/v2\/posts\/209353"}],"collection":[{"href":"https:\/\/rna.ao\/rna.ao\/wp-json\/wp\/v2\/posts"}],"about":[{"href":"https:\/\/rna.ao\/rna.ao\/wp-json\/wp\/v2\/types\/post"}],"author":[{"embeddable":true,"href":"https:\/\/rna.ao\/rna.ao\/wp-json\/wp\/v2\/users\/23"}],"replies":[{"embeddable":true,"href":"https:\/\/rna.ao\/rna.ao\/wp-json\/wp\/v2\/comments?post=209353"}],"version-history":[{"count":1,"href":"https:\/\/rna.ao\/rna.ao\/wp-json\/wp\/v2\/posts\/209353\/revisions"}],"predecessor-version":[{"id":209358,"href":"https:\/\/rna.ao\/rna.ao\/wp-json\/wp\/v2\/posts\/209353\/revisions\/209358"}],"wp:featuredmedia":[{"embeddable":true,"href":"https:\/\/rna.ao\/rna.ao\/wp-json\/wp\/v2\/media\/204723"}],"wp:attachment":[{"href":"https:\/\/rna.ao\/rna.ao\/wp-json\/wp\/v2\/media?parent=209353"}],"wp:term":[{"taxonomy":"category","embeddable":true,"href":"https:\/\/rna.ao\/rna.ao\/wp-json\/wp\/v2\/categories?post=209353"},{"taxonomy":"post_tag","embeddable":true,"href":"https:\/\/rna.ao\/rna.ao\/wp-json\/wp\/v2\/tags?post=209353"}],"curies":[{"name":"wp","href":"https:\/\/api.w.org\/{rel}","templated":true}]}}