{"id":20810,"date":"2021-04-08T11:19:41","date_gmt":"2021-04-08T10:19:41","guid":{"rendered":"https:\/\/rna.ao\/rna.ao\/?p=20810"},"modified":"2021-04-08T11:25:04","modified_gmt":"2021-04-08T10:25:04","slug":"angolana-campea-do-mundo-de-jiu-jitsu-fala-da-grande-sensacao-de-conquistar-um-titulo-mundial","status":"publish","type":"post","link":"https:\/\/rna.ao\/rna.ao\/2021\/04\/08\/angolana-campea-do-mundo-de-jiu-jitsu-fala-da-grande-sensacao-de-conquistar-um-titulo-mundial\/","title":{"rendered":"ANGOLANA CAMPE\u00c3 DO MUNDO DE JIU-JITSU FALA DA GRANDE SENSA\u00c7\u00c3O DE CONQUISTAR UM TITULO MUNDIAL"},"content":{"rendered":"<p><img loading=\"lazy\" class=\"size-full wp-image-20813 alignleft\" src=\"https:\/\/rna.ao\/rna.ao\/wp-content\/uploads\/2021\/04\/170087902_289104202775080_2654642247190286506_n.jpg\" alt=\"\" width=\"240\" height=\"201\" \/>A jovem atleta angolana, Elizandra Gourgel Wassuca, natural do Bi\u00e9, e que no Campeonato do Mundo de Jiujitsu que decorre em Abu Dhabi, Capital dos Emirados \u00c1rabes Unidos, compete com as cores nacionais inscrita no Team Gracie Barra Angola, venceu esta quarta-feira, 7 de Abril, a final na categoria de at\u00e9 70 kg, ao derrotar na final a atleta da Micron\u00e9sia Angel Portugal. Clique no \u00e1udio, abaixo, e ou\u00e7a toda informa\u00e7\u00e3o com o jornalista Gabriel Veloso:<\/p>\n\t<div class=\"qtmplayer-playlist-large\">\n\t\t<ul class=\"qtmplayer-playlist\">\n\t\t\t\n\t\t\t\t\t<li class=\"qtmplayer-trackitem\">\n\t\t<img src=\"https:\/\/rna.ao\/rna.ao\/wp-content\/uploads\/2021\/04\/Elisandra-Gourgel-100x100.jpg\" alt=\"cover\">\t\t<span \t\t\tdata-qtmplayer-cover=\"https:\/\/rna.ao\/rna.ao\/wp-content\/uploads\/2021\/04\/Elisandra-Gourgel.jpg\"\n\t\t\t\t\t\tdata-qtmplayer-file=\"https:\/\/rna.ao\/rna.ao\/wp-content\/uploads\/2021\/04\/VVVVVEEELLOOSSOO.mp3\"\n\t\t\t\t\t\tdata-qtmplayer-title=\"ANGOLANA CAMPE\u00c3 DO MUNDO DE JIU-JITSU FALA DA GRANDE SENSA\u00c7\u00c3O DE CONQUISTAR UM TITULO MUNDIAL\"\n\t\t\t\t\t\tdata-qtmplayer-artist=\"RNA\"\n\t\t\t\t\t\tdata-qtmplayer-link=\"https:\/\/rna.ao\/rna.ao\/2021\/04\/08\/angolana-campea-do-mundo-de-jiu-jitsu-fala-da-grande-sensacao-de-conquistar-um-titulo-mundial\/\"\n\t\t\t\t\t\tdata-qtmplayer-icon=\"file_download\"\n\t\t\t\t\t\tdata-qtmplayer-type=\"track\"\n\t\t\t class=\"qtmplayer-play qtmplayer-link-sec qtmplayer-play-btn\"><i class='material-icons'>play_arrow<\/i><\/span>\n\t\t<p>\n\t\t\t<span class=\"qtmplayer-tit\">ANGOLANA CAMPE\u00c3 DO MUNDO DE JIU-JITSU FALA DA GRANDE SENSA\u00c7\u00c3O DE CONQUISTAR UM TITULO MUNDIAL<\/span>\n\t\t\t<span class=\"qtmplayer-art\">RNA<\/span>\n\t\t<\/p>\n\t<\/li>\n\t\t<\/ul>\n\t<\/div>\t\t\t\n\t\n<p>Fonte: R\u00e1dio 5\/RNA<\/p>\n","protected":false},"excerpt":{"rendered":"<p>A jovem atleta angolana, Elizandra Gourgel Wassuca, natural do Bi\u00e9, e que no Campeonato do Mundo de Jiujitsu que decorre em Abu Dhabi, Capital dos Emirados \u00c1rabes Unidos, compete com as cores nacionais inscrita no Team Gracie Barra Angola, venceu esta quarta-feira, 7 de Abril, a final na categoria de ...<\/p>\n","protected":false},"author":8,"featured_media":20817,"comment_status":"closed","ping_status":"closed","sticky":false,"template":"","format":"standard","meta":[],"categories":[145,125,163],"tags":[],"_links":{"self":[{"href":"https:\/\/rna.ao\/rna.ao\/wp-json\/wp\/v2\/posts\/20810"}],"collection":[{"href":"https:\/\/rna.ao\/rna.ao\/wp-json\/wp\/v2\/posts"}],"about":[{"href":"https:\/\/rna.ao\/rna.ao\/wp-json\/wp\/v2\/types\/post"}],"author":[{"embeddable":true,"href":"https:\/\/rna.ao\/rna.ao\/wp-json\/wp\/v2\/users\/8"}],"replies":[{"embeddable":true,"href":"https:\/\/rna.ao\/rna.ao\/wp-json\/wp\/v2\/comments?post=20810"}],"version-history":[{"count":4,"href":"https:\/\/rna.ao\/rna.ao\/wp-json\/wp\/v2\/posts\/20810\/revisions"}],"predecessor-version":[{"id":20818,"href":"https:\/\/rna.ao\/rna.ao\/wp-json\/wp\/v2\/posts\/20810\/revisions\/20818"}],"wp:featuredmedia":[{"embeddable":true,"href":"https:\/\/rna.ao\/rna.ao\/wp-json\/wp\/v2\/media\/20817"}],"wp:attachment":[{"href":"https:\/\/rna.ao\/rna.ao\/wp-json\/wp\/v2\/media?parent=20810"}],"wp:term":[{"taxonomy":"category","embeddable":true,"href":"https:\/\/rna.ao\/rna.ao\/wp-json\/wp\/v2\/categories?post=20810"},{"taxonomy":"post_tag","embeddable":true,"href":"https:\/\/rna.ao\/rna.ao\/wp-json\/wp\/v2\/tags?post=20810"}],"curies":[{"name":"wp","href":"https:\/\/api.w.org\/{rel}","templated":true}]}}