{"id":207698,"date":"2026-02-12T09:44:13","date_gmt":"2026-02-12T08:44:13","guid":{"rendered":"https:\/\/rna.ao\/rna.ao\/?p=207698"},"modified":"2026-02-12T09:44:13","modified_gmt":"2026-02-12T08:44:13","slug":"trump-diz-a-netanyahu-que-pretende-continuar-negociacoes-com-teerao","status":"publish","type":"post","link":"https:\/\/rna.ao\/rna.ao\/2026\/02\/12\/trump-diz-a-netanyahu-que-pretende-continuar-negociacoes-com-teerao\/","title":{"rendered":"Trump diz a Netanyahu que pretende continuar negocia\u00e7\u00f5es com Teer\u00e3o"},"content":{"rendered":"<p><img loading=\"lazy\" class=\"wp-image-207699 alignleft\" src=\"https:\/\/rna.ao\/rna.ao\/wp-content\/uploads\/2026\/02\/Trump-diz-a-Netanyahu-770x523.jpg\" alt=\"\" width=\"400\" height=\"272\" srcset=\"https:\/\/rna.ao\/rna.ao\/wp-content\/uploads\/2026\/02\/Trump-diz-a-Netanyahu-770x523.jpg 770w, https:\/\/rna.ao\/rna.ao\/wp-content\/uploads\/2026\/02\/Trump-diz-a-Netanyahu-1170x795.jpg 1170w, https:\/\/rna.ao\/rna.ao\/wp-content\/uploads\/2026\/02\/Trump-diz-a-Netanyahu-768x522.jpg 768w, https:\/\/rna.ao\/rna.ao\/wp-content\/uploads\/2026\/02\/Trump-diz-a-Netanyahu-1536x1044.jpg 1536w, https:\/\/rna.ao\/rna.ao\/wp-content\/uploads\/2026\/02\/Trump-diz-a-Netanyahu-2048x1392.jpg 2048w\" sizes=\"(max-width: 400px) 100vw, 400px\" \/>O Presidente norte-americano disse nesta quarta \u2013 feira que pretende prosseguir as conversa\u00e7\u00f5es com o Ir\u00e3o numa reuni\u00e3o com o primeiro-ministro israelita.<\/p>\n<p>J\u00e1 o primeiro-ministro israelita, atrav\u00e9s de um comunicado, insistiu nas necessidades de seguran\u00e7a do Estado de Israel no \u00e2mbito das negocia\u00e7\u00f5es.<\/p>\n<p>Os dois l\u00edderes concordaram em continuar a coordena\u00e7\u00e3o e o contacto estreito entre si, indicou o gabinete do l\u00edder israelita, em comunicado.\u00a0Caso as conversa\u00e7\u00f5es com Teer\u00e3o se mostrem infrut\u00edferas, Trump disse que ter\u00e3o apenas que aguardar o resultado.<\/p>\n<p>Netanyahu chegou aos Estados Unidos na ter\u00e7a-feira para mais uma visita oficial. Israel quer que o Ir\u00e3o concorde em limitar o enriquecimento de ur\u00e2nio, reduzir o programa de m\u00edsseis bal\u00edsticos e acabar com qualquer apoio a mil\u00edcias na regi\u00e3o, como o movimento xiita liban\u00eas Hezbollah.\u00a0O Ir\u00e3o rejeitou estas exig\u00eancias e afirmou estar disposto apenas a certas limita\u00e7\u00f5es ao programa nuclear, em troca de um al\u00edvio das san\u00e7\u00f5es.<\/p>\n<p>&nbsp;<\/p>\n<p>&nbsp;<\/p>\n","protected":false},"excerpt":{"rendered":"<p>O Presidente norte-americano disse nesta quarta \u2013 feira que pretende prosseguir as conversa\u00e7\u00f5es com o Ir\u00e3o numa reuni\u00e3o com o primeiro-ministro israelita. J\u00e1 o primeiro-ministro israelita, atrav\u00e9s de um comunicado, insistiu nas necessidades de seguran\u00e7a do Estado de Israel no \u00e2mbito das negocia\u00e7\u00f5es. Os dois l\u00edderes concordaram em continuar a ...<\/p>\n","protected":false},"author":23,"featured_media":207699,"comment_status":"closed","ping_status":"closed","sticky":false,"template":"","format":"standard","meta":[],"categories":[143,137],"tags":[],"_links":{"self":[{"href":"https:\/\/rna.ao\/rna.ao\/wp-json\/wp\/v2\/posts\/207698"}],"collection":[{"href":"https:\/\/rna.ao\/rna.ao\/wp-json\/wp\/v2\/posts"}],"about":[{"href":"https:\/\/rna.ao\/rna.ao\/wp-json\/wp\/v2\/types\/post"}],"author":[{"embeddable":true,"href":"https:\/\/rna.ao\/rna.ao\/wp-json\/wp\/v2\/users\/23"}],"replies":[{"embeddable":true,"href":"https:\/\/rna.ao\/rna.ao\/wp-json\/wp\/v2\/comments?post=207698"}],"version-history":[{"count":1,"href":"https:\/\/rna.ao\/rna.ao\/wp-json\/wp\/v2\/posts\/207698\/revisions"}],"predecessor-version":[{"id":207700,"href":"https:\/\/rna.ao\/rna.ao\/wp-json\/wp\/v2\/posts\/207698\/revisions\/207700"}],"wp:featuredmedia":[{"embeddable":true,"href":"https:\/\/rna.ao\/rna.ao\/wp-json\/wp\/v2\/media\/207699"}],"wp:attachment":[{"href":"https:\/\/rna.ao\/rna.ao\/wp-json\/wp\/v2\/media?parent=207698"}],"wp:term":[{"taxonomy":"category","embeddable":true,"href":"https:\/\/rna.ao\/rna.ao\/wp-json\/wp\/v2\/categories?post=207698"},{"taxonomy":"post_tag","embeddable":true,"href":"https:\/\/rna.ao\/rna.ao\/wp-json\/wp\/v2\/tags?post=207698"}],"curies":[{"name":"wp","href":"https:\/\/api.w.org\/{rel}","templated":true}]}}