{"id":20742,"date":"2021-04-08T07:23:44","date_gmt":"2021-04-08T06:23:44","guid":{"rendered":"https:\/\/rna.ao\/rna.ao\/?p=20742"},"modified":"2021-04-08T07:39:56","modified_gmt":"2021-04-08T06:39:56","slug":"pedro-sanchez-reune-com-presidente-joao-lourenco-no-palacio-a-cidade-alta-antes-de-testemunhar-assinatura-de-acordos","status":"publish","type":"post","link":"https:\/\/rna.ao\/rna.ao\/2021\/04\/08\/pedro-sanchez-reune-com-presidente-joao-lourenco-no-palacio-a-cidade-alta-antes-de-testemunhar-assinatura-de-acordos\/","title":{"rendered":"Pedro S\u00e1nchez re\u00fane com Presidente Jo\u00e3o Louren\u00e7o no pal\u00e1cio \u00e0 Cidade Alta, antes de testemunhar assinatura de acordos"},"content":{"rendered":"<p><img loading=\"lazy\" class=\"size-full wp-image-20751 alignleft\" src=\"https:\/\/rna.ao\/rna.ao\/wp-content\/uploads\/2021\/04\/Pedro-Sanchez-1.jpg\" alt=\"\" width=\"275\" height=\"183\" \/>O Chefe do Governo espanhol, Pedro S\u00e1nchez, testemunha esta quinta-feira, 8 de Abril, em Luanda, a assinatura de v\u00e1rios instrumentos jur\u00eddicos, para o refor\u00e7o da coopera\u00e7\u00e3o com Angola. Antes, Pedro S\u00e1nchez vai reunir-se com o Presidente da Rep\u00fablica, Jo\u00e3o Louren\u00e7o. A agenda da vista oficial do chefe do Governo espanhol, \u00e0 Angola, contempla ainda visitas a empreendimentos ligados a a\u00e7\u00e3o de Espanha no nosso pa\u00eds. Ou\u00e7a, abaixo, com mais dados com o jornalista Jo\u00e3o Manuel:<\/p>\n\t<div class=\"qtmplayer-playlist-large\">\n\t\t<ul class=\"qtmplayer-playlist\">\n\t\t\t\n\t\t\t\t\t<li class=\"qtmplayer-trackitem\">\n\t\t<img src=\"https:\/\/rna.ao\/rna.ao\/wp-content\/uploads\/2021\/04\/Pedro-Sanchez-1-100x100.jpg\" alt=\"cover\">\t\t<span \t\t\tdata-qtmplayer-cover=\"https:\/\/rna.ao\/rna.ao\/wp-content\/uploads\/2021\/04\/Pedro-Sanchez-1.jpg\"\n\t\t\t\t\t\tdata-qtmplayer-file=\"https:\/\/rna.ao\/rna.ao\/wp-content\/uploads\/2021\/04\/JOAO-MANUEL-7HRS.mp3\"\n\t\t\t\t\t\tdata-qtmplayer-title=\"Pedro S\u00e1nchez re\u00fane com Presidente Jo\u00e3o Louren\u00e7o no pal\u00e1cio \u00e0 Cidade Alta, antes de testemunhar assinatura de acordos\"\n\t\t\t\t\t\tdata-qtmplayer-artist=\"RNA\"\n\t\t\t\t\t\tdata-qtmplayer-link=\"https:\/\/rna.ao\/rna.ao\/2021\/04\/08\/pedro-sanchez-reune-com-presidente-joao-lourenco-no-palacio-a-cidade-alta-antes-de-testemunhar-assinatura-de-acordos\/\"\n\t\t\t\t\t\tdata-qtmplayer-icon=\"file_download\"\n\t\t\t\t\t\tdata-qtmplayer-type=\"track\"\n\t\t\t class=\"qtmplayer-play qtmplayer-link-sec qtmplayer-play-btn\"><i class='material-icons'>play_arrow<\/i><\/span>\n\t\t<p>\n\t\t\t<span class=\"qtmplayer-tit\">Pedro S\u00e1nchez re\u00fane com Presidente Jo\u00e3o Louren\u00e7o no pal\u00e1cio \u00e0 Cidade Alta, antes de testemunhar assinatura de acordos<\/span>\n\t\t\t<span class=\"qtmplayer-art\">RNA<\/span>\n\t\t<\/p>\n\t<\/li>\n\t\t<\/ul>\n\t<\/div>\t\t\t\n\t\n<p>Fonte: RNA<\/p>\n","protected":false},"excerpt":{"rendered":"<p>O Chefe do Governo espanhol, Pedro S\u00e1nchez, testemunha esta quinta-feira, 8 de Abril, em Luanda, a assinatura de v\u00e1rios instrumentos jur\u00eddicos, para o refor\u00e7o da coopera\u00e7\u00e3o com Angola. Antes, Pedro S\u00e1nchez vai reunir-se com o Presidente da Rep\u00fablica, Jo\u00e3o Louren\u00e7o. A agenda da vista oficial do chefe do Governo espanhol, ...<\/p>\n","protected":false},"author":8,"featured_media":20751,"comment_status":"closed","ping_status":"closed","sticky":false,"template":"","format":"standard","meta":[],"categories":[142,121,163],"tags":[],"_links":{"self":[{"href":"https:\/\/rna.ao\/rna.ao\/wp-json\/wp\/v2\/posts\/20742"}],"collection":[{"href":"https:\/\/rna.ao\/rna.ao\/wp-json\/wp\/v2\/posts"}],"about":[{"href":"https:\/\/rna.ao\/rna.ao\/wp-json\/wp\/v2\/types\/post"}],"author":[{"embeddable":true,"href":"https:\/\/rna.ao\/rna.ao\/wp-json\/wp\/v2\/users\/8"}],"replies":[{"embeddable":true,"href":"https:\/\/rna.ao\/rna.ao\/wp-json\/wp\/v2\/comments?post=20742"}],"version-history":[{"count":5,"href":"https:\/\/rna.ao\/rna.ao\/wp-json\/wp\/v2\/posts\/20742\/revisions"}],"predecessor-version":[{"id":20767,"href":"https:\/\/rna.ao\/rna.ao\/wp-json\/wp\/v2\/posts\/20742\/revisions\/20767"}],"wp:featuredmedia":[{"embeddable":true,"href":"https:\/\/rna.ao\/rna.ao\/wp-json\/wp\/v2\/media\/20751"}],"wp:attachment":[{"href":"https:\/\/rna.ao\/rna.ao\/wp-json\/wp\/v2\/media?parent=20742"}],"wp:term":[{"taxonomy":"category","embeddable":true,"href":"https:\/\/rna.ao\/rna.ao\/wp-json\/wp\/v2\/categories?post=20742"},{"taxonomy":"post_tag","embeddable":true,"href":"https:\/\/rna.ao\/rna.ao\/wp-json\/wp\/v2\/tags?post=20742"}],"curies":[{"name":"wp","href":"https:\/\/api.w.org\/{rel}","templated":true}]}}