{"id":20716,"date":"2021-04-08T06:09:15","date_gmt":"2021-04-08T05:09:15","guid":{"rendered":"https:\/\/rna.ao\/rna.ao\/?p=20716"},"modified":"2021-04-08T06:09:15","modified_gmt":"2021-04-08T05:09:15","slug":"executivo-adopta-novas-medidas-de-importacao-a-granel-para-reduzir-precos-da-sexta-basica","status":"publish","type":"post","link":"https:\/\/rna.ao\/rna.ao\/2021\/04\/08\/executivo-adopta-novas-medidas-de-importacao-a-granel-para-reduzir-precos-da-sexta-basica\/","title":{"rendered":"Executivo adopta novas medidas de importa\u00e7\u00e3o a granel para reduzir pre\u00e7os da sexta b\u00e1sica"},"content":{"rendered":"<p><img loading=\"lazy\" class=\"size-full wp-image-20718 alignleft\" src=\"https:\/\/rna.ao\/rna.ao\/wp-content\/uploads\/2021\/04\/Augusta-Fortes.jpg\" alt=\"\" width=\"252\" height=\"190\" \/>O executivo perspectiva reduzir os custos com a importa\u00e7\u00e3o dos principais produtos da cesta b\u00e1sica e garantir que os mesmos cheguem aos consumidores a pre\u00e7os baixos.<\/p>\n<p>Os custos com a importa\u00e7\u00e3o dos principais produtos rondam os cem milh\u00f5es de euros por m\u00eas. Para inverter o quadro, o executivo adoptou novas medidas que passam pela importa\u00e7\u00e3o a granel e embala-los localmente.<\/p>\n<p>De acordo com a Directora Nacional do Com\u00e9rcio Externo do Minist\u00e9rio da Ind\u00fastria e Com\u00e9rcio, Augusta Fortes, a medida vai criar oportunidade de neg\u00f3cios para empresas que v\u00e3o embalar os produtos. Clique no \u00e1udio e ou\u00e7a:<\/p>\n\t<div class=\"qtmplayer-playlist-large\">\n\t\t<ul class=\"qtmplayer-playlist\">\n\t\t\t\n\t\t\t\t\t<li class=\"qtmplayer-trackitem\">\n\t\t<img src=\"https:\/\/rna.ao\/rna.ao\/wp-content\/uploads\/2021\/04\/Augusta-Fortes-100x100.jpg\" alt=\"cover\">\t\t<span \t\t\tdata-qtmplayer-cover=\"https:\/\/rna.ao\/rna.ao\/wp-content\/uploads\/2021\/04\/Augusta-Fortes.jpg\"\n\t\t\t\t\t\tdata-qtmplayer-file=\"https:\/\/rna.ao\/rna.ao\/wp-content\/uploads\/2021\/04\/AUGUSTA-FORTES-06HRS.mp3\"\n\t\t\t\t\t\tdata-qtmplayer-title=\"Executivo adopta novas medidas de importa\u00e7\u00e3o a granel para reduzir pre\u00e7os da sexta b\u00e1sica\"\n\t\t\t\t\t\tdata-qtmplayer-artist=\"RNA\"\n\t\t\t\t\t\tdata-qtmplayer-link=\"https:\/\/rna.ao\/rna.ao\/2021\/04\/08\/executivo-adopta-novas-medidas-de-importacao-a-granel-para-reduzir-precos-da-sexta-basica\/\"\n\t\t\t\t\t\tdata-qtmplayer-icon=\"file_download\"\n\t\t\t\t\t\tdata-qtmplayer-type=\"track\"\n\t\t\t class=\"qtmplayer-play qtmplayer-link-sec qtmplayer-play-btn\"><i class='material-icons'>play_arrow<\/i><\/span>\n\t\t<p>\n\t\t\t<span class=\"qtmplayer-tit\">Executivo adopta novas medidas de importa\u00e7\u00e3o a granel para reduzir pre\u00e7os da sexta b\u00e1sica<\/span>\n\t\t\t<span class=\"qtmplayer-art\">RNA<\/span>\n\t\t<\/p>\n\t<\/li>\n\t\t<\/ul>\n\t<\/div>\t\t\t\n\t\n<p>Fonte: RNA<\/p>\n","protected":false},"excerpt":{"rendered":"<p>O executivo perspectiva reduzir os custos com a importa\u00e7\u00e3o dos principais produtos da cesta b\u00e1sica e garantir que os mesmos cheguem aos consumidores a pre\u00e7os baixos. Os custos com a importa\u00e7\u00e3o dos principais produtos rondam os cem milh\u00f5es de euros por m\u00eas. Para inverter o quadro, o executivo adoptou novas ...<\/p>\n","protected":false},"author":8,"featured_media":20718,"comment_status":"closed","ping_status":"closed","sticky":false,"template":"","format":"standard","meta":[],"categories":[121,163],"tags":[],"_links":{"self":[{"href":"https:\/\/rna.ao\/rna.ao\/wp-json\/wp\/v2\/posts\/20716"}],"collection":[{"href":"https:\/\/rna.ao\/rna.ao\/wp-json\/wp\/v2\/posts"}],"about":[{"href":"https:\/\/rna.ao\/rna.ao\/wp-json\/wp\/v2\/types\/post"}],"author":[{"embeddable":true,"href":"https:\/\/rna.ao\/rna.ao\/wp-json\/wp\/v2\/users\/8"}],"replies":[{"embeddable":true,"href":"https:\/\/rna.ao\/rna.ao\/wp-json\/wp\/v2\/comments?post=20716"}],"version-history":[{"count":1,"href":"https:\/\/rna.ao\/rna.ao\/wp-json\/wp\/v2\/posts\/20716\/revisions"}],"predecessor-version":[{"id":20719,"href":"https:\/\/rna.ao\/rna.ao\/wp-json\/wp\/v2\/posts\/20716\/revisions\/20719"}],"wp:featuredmedia":[{"embeddable":true,"href":"https:\/\/rna.ao\/rna.ao\/wp-json\/wp\/v2\/media\/20718"}],"wp:attachment":[{"href":"https:\/\/rna.ao\/rna.ao\/wp-json\/wp\/v2\/media?parent=20716"}],"wp:term":[{"taxonomy":"category","embeddable":true,"href":"https:\/\/rna.ao\/rna.ao\/wp-json\/wp\/v2\/categories?post=20716"},{"taxonomy":"post_tag","embeddable":true,"href":"https:\/\/rna.ao\/rna.ao\/wp-json\/wp\/v2\/tags?post=20716"}],"curies":[{"name":"wp","href":"https:\/\/api.w.org\/{rel}","templated":true}]}}