{"id":20710,"date":"2021-04-08T06:03:13","date_gmt":"2021-04-08T05:03:13","guid":{"rendered":"https:\/\/rna.ao\/rna.ao\/?p=20710"},"modified":"2021-04-08T06:03:13","modified_gmt":"2021-04-08T05:03:13","slug":"benguela-tres-criancas-da-mesma-familia-morrem-na-ganda-depois-de-comerem-mandioca-impropria-para-consumo-humano","status":"publish","type":"post","link":"https:\/\/rna.ao\/rna.ao\/2021\/04\/08\/benguela-tres-criancas-da-mesma-familia-morrem-na-ganda-depois-de-comerem-mandioca-impropria-para-consumo-humano\/","title":{"rendered":"Benguela: Tr\u00eas crian\u00e7as da mesma fam\u00edlia morrem na ganda depois de comerem mandioca impr\u00f3pria para consumo humano"},"content":{"rendered":"<p><img loading=\"lazy\" class=\"size-full wp-image-20712 alignleft\" src=\"https:\/\/rna.ao\/rna.ao\/wp-content\/uploads\/2021\/04\/Mandioca.jpg\" alt=\"\" width=\"289\" height=\"174\" \/>Tr\u00eas crian\u00e7as no munic\u00edpio da Ganda, em Benguela, perderam a vida depois de terem comido mandioca impr\u00f3pria para o consumo humano.<\/p>\n<p>As tr\u00eas v\u00edtimas mortais fazem parte de um grupo de oito crian\u00e7as da mesma fam\u00edlia que consumiram a mandioca com propriedades t\u00f3xicas, sendo que cinco continuam hospitalizadas. Clique no \u00e1udio, abaixo, e ou\u00e7a toda hist\u00f3ria na reportagem com o Paulo Stone da Concei\u00e7\u00e3o:<\/p>\n\t<div class=\"qtmplayer-playlist-large\">\n\t\t<ul class=\"qtmplayer-playlist\">\n\t\t\t\n\t\t\t\t\t<li class=\"qtmplayer-trackitem\">\n\t\t<img src=\"https:\/\/rna.ao\/rna.ao\/wp-content\/uploads\/2021\/04\/Mandioca-100x100.jpg\" alt=\"cover\">\t\t<span \t\t\tdata-qtmplayer-cover=\"https:\/\/rna.ao\/rna.ao\/wp-content\/uploads\/2021\/04\/Mandioca.jpg\"\n\t\t\t\t\t\tdata-qtmplayer-file=\"https:\/\/rna.ao\/rna.ao\/wp-content\/uploads\/2021\/04\/BENGUELA-MORTE-CRIANCAS-06HRS.mp3\"\n\t\t\t\t\t\tdata-qtmplayer-title=\"Benguela: Tr\u00eas crian\u00e7as da mesma fam\u00edlia morrem na ganda depois de comerem mandioca impr\u00f3pria para consumo humano\"\n\t\t\t\t\t\tdata-qtmplayer-artist=\"RNA\"\n\t\t\t\t\t\tdata-qtmplayer-link=\"https:\/\/rna.ao\/rna.ao\/2021\/04\/08\/benguela-tres-criancas-da-mesma-familia-morrem-na-ganda-depois-de-comerem-mandioca-impropria-para-consumo-humano\/\"\n\t\t\t\t\t\tdata-qtmplayer-icon=\"file_download\"\n\t\t\t\t\t\tdata-qtmplayer-type=\"track\"\n\t\t\t class=\"qtmplayer-play qtmplayer-link-sec qtmplayer-play-btn\"><i class='material-icons'>play_arrow<\/i><\/span>\n\t\t<p>\n\t\t\t<span class=\"qtmplayer-tit\">Benguela: Tr\u00eas crian\u00e7as da mesma fam\u00edlia morrem na ganda depois de comerem mandioca impr\u00f3pria para consumo humano<\/span>\n\t\t\t<span class=\"qtmplayer-art\">RNA<\/span>\n\t\t<\/p>\n\t<\/li>\n\t\t<\/ul>\n\t<\/div>\t\t\t\n\t\n<p>Fonte: RNA<\/p>\n","protected":false},"excerpt":{"rendered":"<p>Tr\u00eas crian\u00e7as no munic\u00edpio da Ganda, em Benguela, perderam a vida depois de terem comido mandioca impr\u00f3pria para o consumo humano. As tr\u00eas v\u00edtimas mortais fazem parte de um grupo de oito crian\u00e7as da mesma fam\u00edlia que consumiram a mandioca com propriedades t\u00f3xicas, sendo que cinco continuam hospitalizadas. Clique no ...<\/p>\n","protected":false},"author":8,"featured_media":20712,"comment_status":"closed","ping_status":"closed","sticky":false,"template":"","format":"standard","meta":[],"categories":[121,163],"tags":[],"_links":{"self":[{"href":"https:\/\/rna.ao\/rna.ao\/wp-json\/wp\/v2\/posts\/20710"}],"collection":[{"href":"https:\/\/rna.ao\/rna.ao\/wp-json\/wp\/v2\/posts"}],"about":[{"href":"https:\/\/rna.ao\/rna.ao\/wp-json\/wp\/v2\/types\/post"}],"author":[{"embeddable":true,"href":"https:\/\/rna.ao\/rna.ao\/wp-json\/wp\/v2\/users\/8"}],"replies":[{"embeddable":true,"href":"https:\/\/rna.ao\/rna.ao\/wp-json\/wp\/v2\/comments?post=20710"}],"version-history":[{"count":1,"href":"https:\/\/rna.ao\/rna.ao\/wp-json\/wp\/v2\/posts\/20710\/revisions"}],"predecessor-version":[{"id":20714,"href":"https:\/\/rna.ao\/rna.ao\/wp-json\/wp\/v2\/posts\/20710\/revisions\/20714"}],"wp:featuredmedia":[{"embeddable":true,"href":"https:\/\/rna.ao\/rna.ao\/wp-json\/wp\/v2\/media\/20712"}],"wp:attachment":[{"href":"https:\/\/rna.ao\/rna.ao\/wp-json\/wp\/v2\/media?parent=20710"}],"wp:term":[{"taxonomy":"category","embeddable":true,"href":"https:\/\/rna.ao\/rna.ao\/wp-json\/wp\/v2\/categories?post=20710"},{"taxonomy":"post_tag","embeddable":true,"href":"https:\/\/rna.ao\/rna.ao\/wp-json\/wp\/v2\/tags?post=20710"}],"curies":[{"name":"wp","href":"https:\/\/api.w.org\/{rel}","templated":true}]}}