{"id":20697,"date":"2021-04-08T05:58:15","date_gmt":"2021-04-08T04:58:15","guid":{"rendered":"https:\/\/rna.ao\/rna.ao\/?p=20697"},"modified":"2021-04-08T05:58:15","modified_gmt":"2021-04-08T04:58:15","slug":"liga-dos-campeoes-petro-de-luanda-em-casablanca-para-cumprir-calendario-em-jogo-com-wydad","status":"publish","type":"post","link":"https:\/\/rna.ao\/rna.ao\/2021\/04\/08\/liga-dos-campeoes-petro-de-luanda-em-casablanca-para-cumprir-calendario-em-jogo-com-wydad\/","title":{"rendered":"Liga dos Campe\u00f5es: Petro de Luanda em Casablanca para cumprir calend\u00e1rio em jogo com Wydad"},"content":{"rendered":"<p><img loading=\"lazy\" class=\"size-full wp-image-20708 alignleft\" src=\"https:\/\/rna.ao\/rna.ao\/wp-content\/uploads\/2021\/04\/Petro-de-Luanda-jogadores.jpg\" alt=\"\" width=\"254\" height=\"199\" \/>O equipa de futebol s\u00e9nior do Atl\u00e9tico Petr\u00f3leos de Luanda embarca esta quinta-feira, 8 de Abril, para Casablanca, no reino de Marrocos, onde encerra a fase de grupos da Liga dos campe\u00f5es de futebol de \u00c1frica, diante do Wydad Athletic Club local, marcado para este s\u00e1bado (10).<\/p>\n<p>O conjunto angolano, j\u00e1 sem hip\u00f3tese de seguir em frente, vai apenas cumprir nesta partida que ser\u00e1 referente \u00e0 sexta e \u00faltima jornada do grupo D. Ou\u00e7a, abaixo, mais dados sobre a equipa do Catet\u00e3o com o rep\u00f3rter Mateus Lu\u00eds:<\/p>\n\t<div class=\"qtmplayer-playlist-large\">\n\t\t<ul class=\"qtmplayer-playlist\">\n\t\t\t\n\t\t\t\t\t<li class=\"qtmplayer-trackitem\">\n\t\t<img src=\"https:\/\/rna.ao\/rna.ao\/wp-content\/uploads\/2021\/04\/Petro-de-Luanda-jogadores-100x100.jpg\" alt=\"cover\">\t\t<span \t\t\tdata-qtmplayer-cover=\"https:\/\/rna.ao\/rna.ao\/wp-content\/uploads\/2021\/04\/Petro-de-Luanda-jogadores.jpg\"\n\t\t\t\t\t\tdata-qtmplayer-file=\"https:\/\/rna.ao\/rna.ao\/wp-content\/uploads\/2021\/04\/20H30-3-MATEUS-LUIS-07-04-2021.mp3\"\n\t\t\t\t\t\tdata-qtmplayer-title=\"Liga dos Campe\u00f5es: Petro de Luanda em Casablanca para cumprir calend\u00e1rio em jogo com Wydad\"\n\t\t\t\t\t\tdata-qtmplayer-artist=\"RNA\"\n\t\t\t\t\t\tdata-qtmplayer-link=\"https:\/\/rna.ao\/rna.ao\/2021\/04\/08\/liga-dos-campeoes-petro-de-luanda-em-casablanca-para-cumprir-calendario-em-jogo-com-wydad\/\"\n\t\t\t\t\t\tdata-qtmplayer-icon=\"file_download\"\n\t\t\t\t\t\tdata-qtmplayer-type=\"track\"\n\t\t\t class=\"qtmplayer-play qtmplayer-link-sec qtmplayer-play-btn\"><i class='material-icons'>play_arrow<\/i><\/span>\n\t\t<p>\n\t\t\t<span class=\"qtmplayer-tit\">Liga dos Campe\u00f5es: Petro de Luanda em Casablanca para cumprir calend\u00e1rio em jogo com Wydad<\/span>\n\t\t\t<span class=\"qtmplayer-art\">RNA<\/span>\n\t\t<\/p>\n\t<\/li>\n\t\t<\/ul>\n\t<\/div>\t\t\t\n\t\n<p>Fonte: R\u00e1dio 5\/RNA<\/p>\n","protected":false},"excerpt":{"rendered":"<p>O equipa de futebol s\u00e9nior do Atl\u00e9tico Petr\u00f3leos de Luanda embarca esta quinta-feira, 8 de Abril, para Casablanca, no reino de Marrocos, onde encerra a fase de grupos da Liga dos campe\u00f5es de futebol de \u00c1frica, diante do Wydad Athletic Club local, marcado para este s\u00e1bado (10). O conjunto angolano, ...<\/p>\n","protected":false},"author":8,"featured_media":20708,"comment_status":"closed","ping_status":"closed","sticky":false,"template":"","format":"standard","meta":[],"categories":[145,125,164],"tags":[],"_links":{"self":[{"href":"https:\/\/rna.ao\/rna.ao\/wp-json\/wp\/v2\/posts\/20697"}],"collection":[{"href":"https:\/\/rna.ao\/rna.ao\/wp-json\/wp\/v2\/posts"}],"about":[{"href":"https:\/\/rna.ao\/rna.ao\/wp-json\/wp\/v2\/types\/post"}],"author":[{"embeddable":true,"href":"https:\/\/rna.ao\/rna.ao\/wp-json\/wp\/v2\/users\/8"}],"replies":[{"embeddable":true,"href":"https:\/\/rna.ao\/rna.ao\/wp-json\/wp\/v2\/comments?post=20697"}],"version-history":[{"count":2,"href":"https:\/\/rna.ao\/rna.ao\/wp-json\/wp\/v2\/posts\/20697\/revisions"}],"predecessor-version":[{"id":20711,"href":"https:\/\/rna.ao\/rna.ao\/wp-json\/wp\/v2\/posts\/20697\/revisions\/20711"}],"wp:featuredmedia":[{"embeddable":true,"href":"https:\/\/rna.ao\/rna.ao\/wp-json\/wp\/v2\/media\/20708"}],"wp:attachment":[{"href":"https:\/\/rna.ao\/rna.ao\/wp-json\/wp\/v2\/media?parent=20697"}],"wp:term":[{"taxonomy":"category","embeddable":true,"href":"https:\/\/rna.ao\/rna.ao\/wp-json\/wp\/v2\/categories?post=20697"},{"taxonomy":"post_tag","embeddable":true,"href":"https:\/\/rna.ao\/rna.ao\/wp-json\/wp\/v2\/tags?post=20697"}],"curies":[{"name":"wp","href":"https:\/\/api.w.org\/{rel}","templated":true}]}}