{"id":206518,"date":"2026-01-30T22:22:09","date_gmt":"2026-01-30T21:22:09","guid":{"rendered":"https:\/\/rna.ao\/rna.ao\/?p=206518"},"modified":"2026-01-30T22:22:09","modified_gmt":"2026-01-30T21:22:09","slug":"na-guine-bissau-66-dias-depois-domingos-simoes-pereira-e-libertado-da-prisao","status":"publish","type":"post","link":"https:\/\/rna.ao\/rna.ao\/2026\/01\/30\/na-guine-bissau-66-dias-depois-domingos-simoes-pereira-e-libertado-da-prisao\/","title":{"rendered":"Na Guin\u00e9-Bissau, 66 dias depois, Domingos Sim\u00f5es Pereira \u00e9 libertado da pris\u00e3o"},"content":{"rendered":"<p><img loading=\"lazy\" class=\"alignnone size-medium wp-image-206519\" src=\"https:\/\/rna.ao\/rna.ao\/wp-content\/uploads\/2026\/01\/IMG_5203-617x770.jpeg\" alt=\"\" width=\"617\" height=\"770\" srcset=\"https:\/\/rna.ao\/rna.ao\/wp-content\/uploads\/2026\/01\/IMG_5203-617x770.jpeg 617w, https:\/\/rna.ao\/rna.ao\/wp-content\/uploads\/2026\/01\/IMG_5203-938x1170.jpeg 938w, https:\/\/rna.ao\/rna.ao\/wp-content\/uploads\/2026\/01\/IMG_5203-768x958.jpeg 768w, https:\/\/rna.ao\/rna.ao\/wp-content\/uploads\/2026\/01\/IMG_5203-1231x1536.jpeg 1231w, https:\/\/rna.ao\/rna.ao\/wp-content\/uploads\/2026\/01\/IMG_5203.jpeg 1320w\" sizes=\"(max-width: 617px) 100vw, 617px\" \/>Ao fim de 66 dias de cativeiro, Domingos Sim\u00f5es Pereira foi finalmente libertado pela junta militar que dirige o pa\u00eds desde o golpe de Estado de 26 de Novembro.<\/p>\n<p>O l\u00edder do PAIGC, antigo primeiro-ministro e presidente do Parlamento da Guin\u00e9-Bissau dissolvido inconstitucionalmente, foi detido no dia do golpe e levado para a segunda esquadra adjacente ao Minist\u00e9rio do Interior onde esteve estes mais de dois meses sem culpa formada e com poucos contactos com o exterior.<\/p>\n<p>A sua liberta\u00e7\u00e3o s\u00f3 foi conseguida atrav\u00e9s da media\u00e7\u00e3o do Presidente do Senegal, Bassirou Diomaye Faye, que enviou o seu ministro das For\u00e7as Armadas, o general Birame Diop, a Bissau para se reunir com os militares golpistas e as autoridades civis da transi\u00e7\u00e3o para as convencer a deixar que Domingos Sim\u00f5es Pereira possa ser detido em pris\u00e3o domiciliaria.<\/p>\n<p>A delega\u00e7\u00e3o senegalesa tamb\u00e9m acordou as garantias de seguran\u00e7a que permitiram a Fernando Dias da Costa, o candidato que venceu as elei\u00e7\u00f5es presidenciais de 23 de Novembro que n\u00e3o chegaram a ser conclu\u00eddas por causa do golpe, a deixar a embaixada da Nig\u00e9ria na capital guineense, onde se refugiou no dia do golpe depois de ter escapado por pouco aos soldados que o foram tentar prender.<\/p>\n<p><img loading=\"lazy\" class=\"alignnone size-medium wp-image-206520\" src=\"https:\/\/rna.ao\/rna.ao\/wp-content\/uploads\/2026\/01\/IMG_5204-770x578.jpeg\" alt=\"\" width=\"770\" height=\"578\" srcset=\"https:\/\/rna.ao\/rna.ao\/wp-content\/uploads\/2026\/01\/IMG_5204-770x578.jpeg 770w, https:\/\/rna.ao\/rna.ao\/wp-content\/uploads\/2026\/01\/IMG_5204-1170x878.jpeg 1170w, https:\/\/rna.ao\/rna.ao\/wp-content\/uploads\/2026\/01\/IMG_5204-768x576.jpeg 768w, https:\/\/rna.ao\/rna.ao\/wp-content\/uploads\/2026\/01\/IMG_5204.jpeg 1280w\" sizes=\"(max-width: 770px) 100vw, 770px\" \/>Nas imagens divulgadas pelas redes sociais, v\u00ea-se Domingos Sim\u00f5es Pereira a cumprimentar os seus apoiantes em clima de festa junto \u00e0 sua resid\u00eancia em Bissau.<\/p>\n<p>Os homens do PAIGC est\u00e3o preocupados pela seguran\u00e7a de Domingos Sim\u00f5es Pereira, voz inc\u00f3moda para Embal\u00f3 durante todo o seu mandato e figura que faz sombra ao poder militar que assumiu o poder depois do golpe, nomeadamente o general Horta Inta-A, que ainda esta quinta-feira se promoveu a si pr\u00f3prio a general de divis\u00e3o.<\/p>\n<p>Para que a transi\u00e7\u00e3o da cadeia para casa corresse da melhor maneira, o ex-primeiro-ministro foi acompanhado no seu trajecto pelo general Birame Diop, que ainda ficou \u00e0 conversa com Sim\u00f5es Pereira na resid\u00eancia deste. Para o respons\u00e1vel da Defesa do Senegal, com a sa\u00edda do l\u00edder opositor da pris\u00e3o ficou conclu\u00edda a etapa que permite agora criar condi\u00e7\u00f5es para a pr\u00f3xima fase, a do di\u00e1logo inclusivo para a resolu\u00e7\u00e3o da actual crise pol\u00edtico-militar do pa\u00eds, l\u00ea-se na p\u00e1gina do PAIGC no Facebook.<\/p>\n","protected":false},"excerpt":{"rendered":"<p>Ao fim de 66 dias de cativeiro, Domingos Sim\u00f5es Pereira foi finalmente libertado pela junta militar que dirige o pa\u00eds desde o golpe de Estado de 26 de Novembro. O l\u00edder do PAIGC, antigo primeiro-ministro e presidente do Parlamento da Guin\u00e9-Bissau dissolvido inconstitucionalmente, foi detido no dia do golpe e ...<\/p>\n","protected":false},"author":16,"featured_media":206520,"comment_status":"closed","ping_status":"closed","sticky":false,"template":"","format":"standard","meta":[],"categories":[143,137,164,163],"tags":[],"_links":{"self":[{"href":"https:\/\/rna.ao\/rna.ao\/wp-json\/wp\/v2\/posts\/206518"}],"collection":[{"href":"https:\/\/rna.ao\/rna.ao\/wp-json\/wp\/v2\/posts"}],"about":[{"href":"https:\/\/rna.ao\/rna.ao\/wp-json\/wp\/v2\/types\/post"}],"author":[{"embeddable":true,"href":"https:\/\/rna.ao\/rna.ao\/wp-json\/wp\/v2\/users\/16"}],"replies":[{"embeddable":true,"href":"https:\/\/rna.ao\/rna.ao\/wp-json\/wp\/v2\/comments?post=206518"}],"version-history":[{"count":1,"href":"https:\/\/rna.ao\/rna.ao\/wp-json\/wp\/v2\/posts\/206518\/revisions"}],"predecessor-version":[{"id":206521,"href":"https:\/\/rna.ao\/rna.ao\/wp-json\/wp\/v2\/posts\/206518\/revisions\/206521"}],"wp:featuredmedia":[{"embeddable":true,"href":"https:\/\/rna.ao\/rna.ao\/wp-json\/wp\/v2\/media\/206520"}],"wp:attachment":[{"href":"https:\/\/rna.ao\/rna.ao\/wp-json\/wp\/v2\/media?parent=206518"}],"wp:term":[{"taxonomy":"category","embeddable":true,"href":"https:\/\/rna.ao\/rna.ao\/wp-json\/wp\/v2\/categories?post=206518"},{"taxonomy":"post_tag","embeddable":true,"href":"https:\/\/rna.ao\/rna.ao\/wp-json\/wp\/v2\/tags?post=206518"}],"curies":[{"name":"wp","href":"https:\/\/api.w.org\/{rel}","templated":true}]}}