{"id":206479,"date":"2026-01-30T17:52:48","date_gmt":"2026-01-30T16:52:48","guid":{"rendered":"https:\/\/rna.ao\/rna.ao\/?p=206479"},"modified":"2026-01-30T17:52:48","modified_gmt":"2026-01-30T16:52:48","slug":"presidente-da-uniao-africana-destaca-importancia-do-empenho-de-todos-na-construcao-de-uma-africa-estavel-pacifica-e-reconciliada","status":"publish","type":"post","link":"https:\/\/rna.ao\/rna.ao\/2026\/01\/30\/presidente-da-uniao-africana-destaca-importancia-do-empenho-de-todos-na-construcao-de-uma-africa-estavel-pacifica-e-reconciliada\/","title":{"rendered":"Presidente da Uni\u00e3o Africana destaca import\u00e2ncia do empenho de todos na constru\u00e7\u00e3o de uma \u00c1frica est\u00e1vel, pac\u00edfica e reconciliada"},"content":{"rendered":"<p><img loading=\"lazy\" class=\"alignnone size-medium wp-image-206481\" src=\"https:\/\/rna.ao\/rna.ao\/wp-content\/uploads\/2026\/01\/IMG_5185-770x513.jpeg\" alt=\"\" width=\"770\" height=\"513\" srcset=\"https:\/\/rna.ao\/rna.ao\/wp-content\/uploads\/2026\/01\/IMG_5185-770x513.jpeg 770w, https:\/\/rna.ao\/rna.ao\/wp-content\/uploads\/2026\/01\/IMG_5185-1170x779.jpeg 1170w, https:\/\/rna.ao\/rna.ao\/wp-content\/uploads\/2026\/01\/IMG_5185-768x511.jpeg 768w, https:\/\/rna.ao\/rna.ao\/wp-content\/uploads\/2026\/01\/IMG_5185.jpeg 1200w\" sizes=\"(max-width: 770px) 100vw, 770px\" \/>O Presidente em exerc\u00edcio da Uni\u00e3o Africana, Jo\u00e3o Louren\u00e7o, destacou a import\u00e2ncia do empenho de todos na constru\u00e7\u00e3o de uma \u00c1frica est\u00e1vel, pac\u00edfica, onde a paz e a reconcilia\u00e7\u00e3o constituam prioridades permanentes.<\/p>\n<p>Jo\u00e3o Louren\u00e7o fez estas declara\u00e7\u00f5es durante a mensagem proferida por ocasi\u00e3o do 31 de Janeiro, Dia da Paz e Reconcilia\u00e7\u00e3o em \u00c1frica, evocando a 16.\u00aa Sess\u00e3o Extraordin\u00e1ria da Confer\u00eancia dos Chefes de Estado e de Governo da Uni\u00e3o Africana sobre o Terrorismo e as Mudan\u00e7as Inconstitucionais de Governo, realizada em maio de 2022, em Malabo, Rep\u00fablica da Guin\u00e9 Equatorial.<\/p>\n<p>Na ocasi\u00e3o, o estadista angolano trouxe \u00e0 mem\u00f3ria do povo africano alguns dos precursores da liberdade e da independ\u00eancia do continente, enaltecendo o seu contributo para a afirma\u00e7\u00e3o de uma \u00c1frica soberana e unida. Clique no \u00e1udio e ou\u00e7a:<\/p>\n\t<div class=\"qtmplayer-playlist-large\">\n\t\t<ul class=\"qtmplayer-playlist\">\n\t\t\t\n\t\t\t\t\t<li class=\"qtmplayer-trackitem\">\n\t\t<img src=\"https:\/\/rna.ao\/rna.ao\/wp-content\/uploads\/2026\/01\/IMG_5185-100x100.jpeg\" alt=\"cover\">\t\t<span \t\t\tdata-qtmplayer-cover=\"https:\/\/rna.ao\/rna.ao\/wp-content\/uploads\/2026\/01\/IMG_5185-370x370.jpeg\"\n\t\t\t\t\t\tdata-qtmplayer-file=\"https:\/\/rna.ao\/rna.ao\/wp-content\/uploads\/2026\/01\/JOAO-LOURENCO-13HRS.mp3\"\n\t\t\t\t\t\tdata-qtmplayer-title=\"Presidente da Uni\u00e3o Africana destaca import\u00e2ncia do empenho de todos na constru\u00e7\u00e3o de uma \u00c1frica est\u00e1vel, pac\u00edfica e reconciliada\"\n\t\t\t\t\t\tdata-qtmplayer-artist=\"Juliana Nunes\"\n\t\t\t\t\t\tdata-qtmplayer-link=\"https:\/\/rna.ao\/rna.ao\/2026\/01\/30\/presidente-da-uniao-africana-destaca-importancia-do-empenho-de-todos-na-construcao-de-uma-africa-estavel-pacifica-e-reconciliada\/\"\n\t\t\t\t\t\tdata-qtmplayer-icon=\"file_download\"\n\t\t\t\t\t\tdata-qtmplayer-type=\"track\"\n\t\t\t class=\"qtmplayer-play qtmplayer-link-sec qtmplayer-play-btn\"><i class='material-icons'>play_arrow<\/i><\/span>\n\t\t<p>\n\t\t\t<span class=\"qtmplayer-tit\">Presidente da Uni\u00e3o Africana destaca import\u00e2ncia do empenho de todos na constru\u00e7\u00e3o de uma \u00c1frica est\u00e1vel, pac\u00edfica e reconciliada<\/span>\n\t\t\t<span class=\"qtmplayer-art\">Juliana Nunes<\/span>\n\t\t<\/p>\n\t<\/li>\n\t\t<\/ul>\n\t<\/div>\t\t\t\n\t\n","protected":false},"excerpt":{"rendered":"<p>O Presidente em exerc\u00edcio da Uni\u00e3o Africana, Jo\u00e3o Louren\u00e7o, destacou a import\u00e2ncia do empenho de todos na constru\u00e7\u00e3o de uma \u00c1frica est\u00e1vel, pac\u00edfica, onde a paz e a reconcilia\u00e7\u00e3o constituam prioridades permanentes. Jo\u00e3o Louren\u00e7o fez estas declara\u00e7\u00f5es durante a mensagem proferida por ocasi\u00e3o do 31 de Janeiro, Dia da Paz ...<\/p>\n","protected":false},"author":16,"featured_media":206481,"comment_status":"closed","ping_status":"closed","sticky":false,"template":"","format":"standard","meta":[],"categories":[142,121,164,163],"tags":[],"_links":{"self":[{"href":"https:\/\/rna.ao\/rna.ao\/wp-json\/wp\/v2\/posts\/206479"}],"collection":[{"href":"https:\/\/rna.ao\/rna.ao\/wp-json\/wp\/v2\/posts"}],"about":[{"href":"https:\/\/rna.ao\/rna.ao\/wp-json\/wp\/v2\/types\/post"}],"author":[{"embeddable":true,"href":"https:\/\/rna.ao\/rna.ao\/wp-json\/wp\/v2\/users\/16"}],"replies":[{"embeddable":true,"href":"https:\/\/rna.ao\/rna.ao\/wp-json\/wp\/v2\/comments?post=206479"}],"version-history":[{"count":1,"href":"https:\/\/rna.ao\/rna.ao\/wp-json\/wp\/v2\/posts\/206479\/revisions"}],"predecessor-version":[{"id":206482,"href":"https:\/\/rna.ao\/rna.ao\/wp-json\/wp\/v2\/posts\/206479\/revisions\/206482"}],"wp:featuredmedia":[{"embeddable":true,"href":"https:\/\/rna.ao\/rna.ao\/wp-json\/wp\/v2\/media\/206481"}],"wp:attachment":[{"href":"https:\/\/rna.ao\/rna.ao\/wp-json\/wp\/v2\/media?parent=206479"}],"wp:term":[{"taxonomy":"category","embeddable":true,"href":"https:\/\/rna.ao\/rna.ao\/wp-json\/wp\/v2\/categories?post=206479"},{"taxonomy":"post_tag","embeddable":true,"href":"https:\/\/rna.ao\/rna.ao\/wp-json\/wp\/v2\/tags?post=206479"}],"curies":[{"name":"wp","href":"https:\/\/api.w.org\/{rel}","templated":true}]}}