{"id":206474,"date":"2026-01-30T14:02:16","date_gmt":"2026-01-30T13:02:16","guid":{"rendered":"https:\/\/rna.ao\/rna.ao\/?p=206474"},"modified":"2026-01-30T14:03:03","modified_gmt":"2026-01-30T13:03:03","slug":"le-monde-celebrece-30-janvie-la-journee-mondiale-des-maladies-tropicales-negligees","status":"publish","type":"post","link":"https:\/\/rna.ao\/rna.ao\/2026\/01\/30\/le-monde-celebrece-30-janvie-la-journee-mondiale-des-maladies-tropicales-negligees\/","title":{"rendered":"Le monde celebre,ce 30 janvie,\u00a0 la Journ\u00e9e mondiale des maladies tropicales n\u00e9glig\u00e9es"},"content":{"rendered":"<p><img loading=\"lazy\" class=\"size-medium wp-image-206477\" src=\"https:\/\/rna.ao\/rna.ao\/wp-content\/uploads\/2026\/01\/IMG_5180-770x658.jpeg\" alt=\"\" width=\"770\" height=\"658\" srcset=\"https:\/\/rna.ao\/rna.ao\/wp-content\/uploads\/2026\/01\/IMG_5180-770x658.jpeg 770w, https:\/\/rna.ao\/rna.ao\/wp-content\/uploads\/2026\/01\/IMG_5180-768x656.jpeg 768w, https:\/\/rna.ao\/rna.ao\/wp-content\/uploads\/2026\/01\/IMG_5180.jpeg 1038w\" sizes=\"(max-width: 770px) 100vw, 770px\" \/><\/p>\n<p>Plus d&#8217;un milliard de personnes dans le monde sont encore expos\u00e9es au risque de contracter des maladies tropicales n\u00e9glig\u00e9es.<\/p>\n<p>En Afrique, elles continuent de toucher les communaut\u00e9s les plus pauvres et les plus marginalis\u00e9es, perp\u00e9tuant ainsi le cycle de la pauvret\u00e9.<\/p>\n<p>A cet effet, ce vendredi,le R\u00e9seau des M\u00e9dias Africains pour la Promotion de la Sant\u00e9 et de l\u2019Environnement (REMAPSEN) sous la direction de Bamba Youssouf a organis\u00e9\u00a0 du 29 au 30 janvier,a Cotonou, le\u00a0 4\u00e8me \u00a0f\u00f3rum sur les maladies traopicales neglig\u00e9es.<\/p>\n<p>plac\u00e9 sous le th\u00e8me \u00ab De la n\u00e9gligence \u00e0 la mise en lumi\u00e8re : faire avancer l\u2019agenda africain pour l\u2019\u00e9limination des MTN \u00bb. Plus d\u2019une dizaines des journalistes africains en pr\u00e9sence de Michel Sidib\u00e9, Envoy\u00e9 sp\u00e9cial de l\u2019Union Africaine (UA), ancien ministre de la sant\u00e9 du Mali ont pris part a cette reunion\u00a0 ,tenue dans la capitale beninoise.<\/p>\n<p>Au terme du premier jour des travaux,la Directrice adjointe de Cabinet du ministre de la Sant\u00e9 du B\u00e9nin, Sybille ASSAVEDO a parl\u00e9\u00a0 des progres des progres realis\u00e9s\u00a0 par son pays en matiere de lutte contre les MTNs<\/p>\n\t<div class=\"qtmplayer-playlist-large\">\n\t\t<ul class=\"qtmplayer-playlist\">\n\t\t\t\n\t\t\t\t\t<li class=\"qtmplayer-trackitem\">\n\t\t<img src=\"https:\/\/rna.ao\/rna.ao\/wp-content\/uploads\/2026\/01\/IMG_5180-100x100.jpeg\" alt=\"cover\">\t\t<span \t\t\tdata-qtmplayer-cover=\"https:\/\/rna.ao\/rna.ao\/wp-content\/uploads\/2026\/01\/IMG_5180-370x370.jpeg\"\n\t\t\t\t\t\tdata-qtmplayer-file=\"https:\/\/rna.ao\/rna.ao\/wp-content\/uploads\/2026\/01\/FRANCOISE-SIBIL-ASSEVEDO.mp3\"\n\t\t\t\t\t\tdata-qtmplayer-title=\"Le monde celebre,ce 30 janvie,\u00a0 la Journ\u00e9e mondiale des maladies tropicales n\u00e9glig\u00e9es\"\n\t\t\t\t\t\tdata-qtmplayer-artist=\"Juliana Nunes\"\n\t\t\t\t\t\tdata-qtmplayer-link=\"https:\/\/rna.ao\/rna.ao\/2026\/01\/30\/le-monde-celebrece-30-janvie-la-journee-mondiale-des-maladies-tropicales-negligees\/\"\n\t\t\t\t\t\tdata-qtmplayer-icon=\"file_download\"\n\t\t\t\t\t\tdata-qtmplayer-type=\"track\"\n\t\t\t class=\"qtmplayer-play qtmplayer-link-sec qtmplayer-play-btn\"><i class='material-icons'>play_arrow<\/i><\/span>\n\t\t<p>\n\t\t\t<span class=\"qtmplayer-tit\">Le monde celebre,ce 30 janvie,\u00a0 la Journ\u00e9e mondiale des maladies tropicales n\u00e9glig\u00e9es<\/span>\n\t\t\t<span class=\"qtmplayer-art\">Juliana Nunes<\/span>\n\t\t<\/p>\n\t<\/li>\n\t\t<\/ul>\n\t<\/div>\t\t\t\n\t\n<p>&nbsp;<\/p>\n<p>&nbsp;<\/p>\n","protected":false},"excerpt":{"rendered":"<p>Plus d&#8217;un milliard de personnes dans le monde sont encore expos\u00e9es au risque de contracter des maladies tropicales n\u00e9glig\u00e9es. En Afrique, elles continuent de toucher les communaut\u00e9s les plus pauvres et les plus marginalis\u00e9es, perp\u00e9tuant ainsi le cycle de la pauvret\u00e9. A cet effet, ce vendredi,le R\u00e9seau des M\u00e9dias Africains ...<\/p>\n","protected":false},"author":16,"featured_media":206477,"comment_status":"closed","ping_status":"closed","sticky":false,"template":"","format":"standard","meta":[],"categories":[143,137],"tags":[],"_links":{"self":[{"href":"https:\/\/rna.ao\/rna.ao\/wp-json\/wp\/v2\/posts\/206474"}],"collection":[{"href":"https:\/\/rna.ao\/rna.ao\/wp-json\/wp\/v2\/posts"}],"about":[{"href":"https:\/\/rna.ao\/rna.ao\/wp-json\/wp\/v2\/types\/post"}],"author":[{"embeddable":true,"href":"https:\/\/rna.ao\/rna.ao\/wp-json\/wp\/v2\/users\/16"}],"replies":[{"embeddable":true,"href":"https:\/\/rna.ao\/rna.ao\/wp-json\/wp\/v2\/comments?post=206474"}],"version-history":[{"count":2,"href":"https:\/\/rna.ao\/rna.ao\/wp-json\/wp\/v2\/posts\/206474\/revisions"}],"predecessor-version":[{"id":206478,"href":"https:\/\/rna.ao\/rna.ao\/wp-json\/wp\/v2\/posts\/206474\/revisions\/206478"}],"wp:featuredmedia":[{"embeddable":true,"href":"https:\/\/rna.ao\/rna.ao\/wp-json\/wp\/v2\/media\/206477"}],"wp:attachment":[{"href":"https:\/\/rna.ao\/rna.ao\/wp-json\/wp\/v2\/media?parent=206474"}],"wp:term":[{"taxonomy":"category","embeddable":true,"href":"https:\/\/rna.ao\/rna.ao\/wp-json\/wp\/v2\/categories?post=206474"},{"taxonomy":"post_tag","embeddable":true,"href":"https:\/\/rna.ao\/rna.ao\/wp-json\/wp\/v2\/tags?post=206474"}],"curies":[{"name":"wp","href":"https:\/\/api.w.org\/{rel}","templated":true}]}}