{"id":206455,"date":"2026-01-30T13:54:42","date_gmt":"2026-01-30T12:54:42","guid":{"rendered":"https:\/\/rna.ao\/rna.ao\/?p=206455"},"modified":"2026-01-30T14:00:23","modified_gmt":"2026-01-30T13:00:23","slug":"executivo-angolano-reafirma-compromisso-com-o-fomento-do-emprego-acesso-a-habitacao-e-formacao-tecnico-profissional-para-os-jovens","status":"publish","type":"post","link":"https:\/\/rna.ao\/rna.ao\/2026\/01\/30\/executivo-angolano-reafirma-compromisso-com-o-fomento-do-emprego-acesso-a-habitacao-e-formacao-tecnico-profissional-para-os-jovens\/","title":{"rendered":"Executivo angolano reafirma compromisso com o fomento do emprego, acesso \u00e0 habita\u00e7\u00e3o e forma\u00e7\u00e3o t\u00e9cnico-profissional para os jovens"},"content":{"rendered":"<p><img loading=\"lazy\" class=\"alignnone size-medium wp-image-206456\" src=\"https:\/\/rna.ao\/rna.ao\/wp-content\/uploads\/2026\/01\/IMG_5168-749x770.jpeg\" alt=\"\" width=\"749\" height=\"770\" srcset=\"https:\/\/rna.ao\/rna.ao\/wp-content\/uploads\/2026\/01\/IMG_5168-749x770.jpeg 749w, https:\/\/rna.ao\/rna.ao\/wp-content\/uploads\/2026\/01\/IMG_5168-768x790.jpeg 768w, https:\/\/rna.ao\/rna.ao\/wp-content\/uploads\/2026\/01\/IMG_5168.jpeg 1080w\" sizes=\"(max-width: 749px) 100vw, 749px\" \/>O Governo de Angola garante que a implementa\u00e7\u00e3o das pol\u00edticas p\u00fablicas inscritas no Plano Nacional de Desenvolvimento da Juventude est\u00e1 a produzir impacto directo na vida dos jovens angolanos em todo o pa\u00eds.<\/p>\n<p>A resposta ao acesso ao emprego, \u00e0 habita\u00e7\u00e3o e \u00e0 forma\u00e7\u00e3o t\u00e9cnico-profissional para os jovens continua entre as principais prioridades do Executivo, como ficou patente no D\u00e9cimo Quarto Conselho Consultivo da Juventude e Desportos, orientado pelo ministro do sector, Rui Falc\u00e3o. Jornalista Dito Tavares. Clique no \u00e1udio e ou\u00e7a:<\/p>\n\t<div class=\"qtmplayer-playlist-large\">\n\t\t<ul class=\"qtmplayer-playlist\">\n\t\t\t\n\t\t\t\t\t<li class=\"qtmplayer-trackitem\">\n\t\t<img src=\"https:\/\/rna.ao\/rna.ao\/wp-content\/uploads\/2026\/01\/IMG_5168-100x100.jpeg\" alt=\"cover\">\t\t<span \t\t\tdata-qtmplayer-cover=\"https:\/\/rna.ao\/rna.ao\/wp-content\/uploads\/2026\/01\/IMG_5168-370x370.jpeg\"\n\t\t\t\t\t\tdata-qtmplayer-file=\"https:\/\/rna.ao\/rna.ao\/wp-content\/uploads\/2026\/01\/DITO-TAVARES-07HRS-1.mp3\"\n\t\t\t\t\t\tdata-qtmplayer-title=\"Executivo angolano reafirma compromisso com o fomento do emprego, acesso \u00e0 habita\u00e7\u00e3o e forma\u00e7\u00e3o t\u00e9cnico-profissional para os jovens\"\n\t\t\t\t\t\tdata-qtmplayer-artist=\"Juliana Nunes\"\n\t\t\t\t\t\tdata-qtmplayer-link=\"https:\/\/rna.ao\/rna.ao\/2026\/01\/30\/executivo-angolano-reafirma-compromisso-com-o-fomento-do-emprego-acesso-a-habitacao-e-formacao-tecnico-profissional-para-os-jovens\/\"\n\t\t\t\t\t\tdata-qtmplayer-icon=\"file_download\"\n\t\t\t\t\t\tdata-qtmplayer-type=\"track\"\n\t\t\t class=\"qtmplayer-play qtmplayer-link-sec qtmplayer-play-btn\"><i class='material-icons'>play_arrow<\/i><\/span>\n\t\t<p>\n\t\t\t<span class=\"qtmplayer-tit\">Executivo angolano reafirma compromisso com o fomento do emprego, acesso \u00e0 habita\u00e7\u00e3o e forma\u00e7\u00e3o t\u00e9cnico-profissional para os jovens<\/span>\n\t\t\t<span class=\"qtmplayer-art\">Juliana Nunes<\/span>\n\t\t<\/p>\n\t<\/li>\n\t\t<\/ul>\n\t<\/div>\t\t\t\n\t\n","protected":false},"excerpt":{"rendered":"<p>O Governo de Angola garante que a implementa\u00e7\u00e3o das pol\u00edticas p\u00fablicas inscritas no Plano Nacional de Desenvolvimento da Juventude est\u00e1 a produzir impacto directo na vida dos jovens angolanos em todo o pa\u00eds. A resposta ao acesso ao emprego, \u00e0 habita\u00e7\u00e3o e \u00e0 forma\u00e7\u00e3o t\u00e9cnico-profissional para os jovens continua entre ...<\/p>\n","protected":false},"author":16,"featured_media":206456,"comment_status":"closed","ping_status":"closed","sticky":false,"template":"","format":"standard","meta":[],"categories":[142,121,164],"tags":[],"_links":{"self":[{"href":"https:\/\/rna.ao\/rna.ao\/wp-json\/wp\/v2\/posts\/206455"}],"collection":[{"href":"https:\/\/rna.ao\/rna.ao\/wp-json\/wp\/v2\/posts"}],"about":[{"href":"https:\/\/rna.ao\/rna.ao\/wp-json\/wp\/v2\/types\/post"}],"author":[{"embeddable":true,"href":"https:\/\/rna.ao\/rna.ao\/wp-json\/wp\/v2\/users\/16"}],"replies":[{"embeddable":true,"href":"https:\/\/rna.ao\/rna.ao\/wp-json\/wp\/v2\/comments?post=206455"}],"version-history":[{"count":3,"href":"https:\/\/rna.ao\/rna.ao\/wp-json\/wp\/v2\/posts\/206455\/revisions"}],"predecessor-version":[{"id":206460,"href":"https:\/\/rna.ao\/rna.ao\/wp-json\/wp\/v2\/posts\/206455\/revisions\/206460"}],"wp:featuredmedia":[{"embeddable":true,"href":"https:\/\/rna.ao\/rna.ao\/wp-json\/wp\/v2\/media\/206456"}],"wp:attachment":[{"href":"https:\/\/rna.ao\/rna.ao\/wp-json\/wp\/v2\/media?parent=206455"}],"wp:term":[{"taxonomy":"category","embeddable":true,"href":"https:\/\/rna.ao\/rna.ao\/wp-json\/wp\/v2\/categories?post=206455"},{"taxonomy":"post_tag","embeddable":true,"href":"https:\/\/rna.ao\/rna.ao\/wp-json\/wp\/v2\/tags?post=206455"}],"curies":[{"name":"wp","href":"https:\/\/api.w.org\/{rel}","templated":true}]}}