{"id":206451,"date":"2026-01-30T12:03:13","date_gmt":"2026-01-30T11:03:13","guid":{"rendered":"https:\/\/rna.ao\/rna.ao\/?p=206451"},"modified":"2026-01-30T12:03:13","modified_gmt":"2026-01-30T11:03:13","slug":"ministro-mario-oliveira-destaca-desempenho-e-contributo-da-jornalista-da-radio-ecclesia-vanda-de-carvalho-falecida-esta-quinta-feira-vitima-de-doenca","status":"publish","type":"post","link":"https:\/\/rna.ao\/rna.ao\/2026\/01\/30\/ministro-mario-oliveira-destaca-desempenho-e-contributo-da-jornalista-da-radio-ecclesia-vanda-de-carvalho-falecida-esta-quinta-feira-vitima-de-doenca\/","title":{"rendered":"Ministro M\u00e1rio Oliveira destaca desempenho e contributo da jornalista da R\u00e1dio Ecclesia, Vanda de Carvalho, falecida esta quinta-feira, v\u00edtima de doen\u00e7a"},"content":{"rendered":"<p><img loading=\"lazy\" class=\"alignnone size-medium wp-image-206452\" src=\"https:\/\/rna.ao\/rna.ao\/wp-content\/uploads\/2026\/01\/IMG_5164-578x770.jpeg\" alt=\"\" width=\"578\" height=\"770\" srcset=\"https:\/\/rna.ao\/rna.ao\/wp-content\/uploads\/2026\/01\/IMG_5164-578x770.jpeg 578w, https:\/\/rna.ao\/rna.ao\/wp-content\/uploads\/2026\/01\/IMG_5164.jpeg 720w\" sizes=\"(max-width: 578px) 100vw, 578px\" \/>Faleceu esta quinta-feira, 29 de Janeiro de 2026, em Luanda, v\u00edtima de doen\u00e7a, a jornalista e chefe do Departamento T\u00e9cnico da R\u00e1dio Ecclesia, Vanda Marisa de Carvalho.<\/p>\n<p>Numa nota de condol\u00eancias, o Ministro das Telecomunica\u00e7\u00f5es, Tecnologias de Informa\u00e7\u00e3o e Comunica\u00e7\u00e3o Social, M\u00e1rio Augusto da Silva Oliveira, refere que Vanda de Carvalho fez parte de uma gera\u00e7\u00e3o de profissionais da Comunica\u00e7\u00e3o Social que assegurou a reabertura e continuidade da R\u00e1dio Ecclesia na segunda metade da d\u00e9cada de 90, concretamente em 1997, tendo participado activamente no projecto de expans\u00e3o e dinamiza\u00e7\u00e3o das r\u00e1dios diocesanas.<\/p>\n<p>Pelo seu desempenho e relevante contributo na afirma\u00e7\u00e3o da actividade de Comunica\u00e7\u00e3o Social no pa\u00eds, Vanda de Carvalho foi homenageada recentemente pela CEAST pelos seus 25 anos na R\u00e1dio Ecclesia, al\u00e9m de ter sido galardoada com o Pr\u00e9mio Angola Comunica, na categoria de T\u00e9cnica e Sonorizadora de R\u00e1dio.<\/p>\n<p>A nota refere ainda que, neste momento de dor e luto, em seu nome e dos funcion\u00e1rios do Minist\u00e9rio das Telecomunica\u00e7\u00f5es, Tecnologias de Informa\u00e7\u00e3o e Comunica\u00e7\u00e3o Social, M\u00e1rio Augusto da Silva Oliveira endere\u00e7a \u00e0 R\u00e1dio Ecclesia, aos seus funcion\u00e1rios e aos familiares de Vanda de Carvalho, sentidos p\u00easames.<\/p>\n","protected":false},"excerpt":{"rendered":"<p>Faleceu esta quinta-feira, 29 de Janeiro de 2026, em Luanda, v\u00edtima de doen\u00e7a, a jornalista e chefe do Departamento T\u00e9cnico da R\u00e1dio Ecclesia, Vanda Marisa de Carvalho. Numa nota de condol\u00eancias, o Ministro das Telecomunica\u00e7\u00f5es, Tecnologias de Informa\u00e7\u00e3o e Comunica\u00e7\u00e3o Social, M\u00e1rio Augusto da Silva Oliveira, refere que Vanda de ...<\/p>\n","protected":false},"author":16,"featured_media":206452,"comment_status":"closed","ping_status":"closed","sticky":false,"template":"","format":"standard","meta":[],"categories":[142,121,164,163],"tags":[],"_links":{"self":[{"href":"https:\/\/rna.ao\/rna.ao\/wp-json\/wp\/v2\/posts\/206451"}],"collection":[{"href":"https:\/\/rna.ao\/rna.ao\/wp-json\/wp\/v2\/posts"}],"about":[{"href":"https:\/\/rna.ao\/rna.ao\/wp-json\/wp\/v2\/types\/post"}],"author":[{"embeddable":true,"href":"https:\/\/rna.ao\/rna.ao\/wp-json\/wp\/v2\/users\/16"}],"replies":[{"embeddable":true,"href":"https:\/\/rna.ao\/rna.ao\/wp-json\/wp\/v2\/comments?post=206451"}],"version-history":[{"count":1,"href":"https:\/\/rna.ao\/rna.ao\/wp-json\/wp\/v2\/posts\/206451\/revisions"}],"predecessor-version":[{"id":206453,"href":"https:\/\/rna.ao\/rna.ao\/wp-json\/wp\/v2\/posts\/206451\/revisions\/206453"}],"wp:featuredmedia":[{"embeddable":true,"href":"https:\/\/rna.ao\/rna.ao\/wp-json\/wp\/v2\/media\/206452"}],"wp:attachment":[{"href":"https:\/\/rna.ao\/rna.ao\/wp-json\/wp\/v2\/media?parent=206451"}],"wp:term":[{"taxonomy":"category","embeddable":true,"href":"https:\/\/rna.ao\/rna.ao\/wp-json\/wp\/v2\/categories?post=206451"},{"taxonomy":"post_tag","embeddable":true,"href":"https:\/\/rna.ao\/rna.ao\/wp-json\/wp\/v2\/tags?post=206451"}],"curies":[{"name":"wp","href":"https:\/\/api.w.org\/{rel}","templated":true}]}}