{"id":206439,"date":"2026-01-30T11:26:31","date_gmt":"2026-01-30T10:26:31","guid":{"rendered":"https:\/\/rna.ao\/rna.ao\/?p=206439"},"modified":"2026-01-30T11:26:31","modified_gmt":"2026-01-30T10:26:31","slug":"ceast-cria-comissoes-de-trabalho-para-preparar-visita-do-papa-leao-catorze-a-angola","status":"publish","type":"post","link":"https:\/\/rna.ao\/rna.ao\/2026\/01\/30\/ceast-cria-comissoes-de-trabalho-para-preparar-visita-do-papa-leao-catorze-a-angola\/","title":{"rendered":"CEAST cria comiss\u00f5es de trabalho para preparar visita do Papa Le\u00e3o Catorze a Angola"},"content":{"rendered":"<p><img loading=\"lazy\" class=\"alignnone size-medium wp-image-206441\" src=\"https:\/\/rna.ao\/rna.ao\/wp-content\/uploads\/2026\/01\/IMG_4502-1-577x770.jpeg\" alt=\"\" width=\"577\" height=\"770\" srcset=\"https:\/\/rna.ao\/rna.ao\/wp-content\/uploads\/2026\/01\/IMG_4502-1-577x770.jpeg 577w, https:\/\/rna.ao\/rna.ao\/wp-content\/uploads\/2026\/01\/IMG_4502-1-877x1170.jpeg 877w, https:\/\/rna.ao\/rna.ao\/wp-content\/uploads\/2026\/01\/IMG_4502-1-768x1024.jpeg 768w, https:\/\/rna.ao\/rna.ao\/wp-content\/uploads\/2026\/01\/IMG_4502-1-1152x1536.jpeg 1152w, https:\/\/rna.ao\/rna.ao\/wp-content\/uploads\/2026\/01\/IMG_4502-1-1535x2048.jpeg 1535w, https:\/\/rna.ao\/rna.ao\/wp-content\/uploads\/2026\/01\/IMG_4502-1-scaled.jpeg 1919w\" sizes=\"(max-width: 577px) 100vw, 577px\" \/>A CEAST \u2014 Confer\u00eancia Episcopal de Angola e S\u00e3o Tom\u00e9 \u2014 instituiu oficialmente, esta quarta-feira, 28 de Janeiro, as comiss\u00f5es de trabalho ad hoc para a prepara\u00e7\u00e3o da visita apost\u00f3lica de Sua Santidade, o Papa Le\u00e3o Catorze, a Angola, anunciada pela Nunciatura Apost\u00f3lica no passado dia 13 de Janeiro.<\/p>\n<p>Por meio de um decreto assinado por Dom Jos\u00e9 Manuel Imbamba, arcebispo de Saurimo e presidente da CEAST, a Igreja Cat\u00f3lica em Angola inicia formalmente um amplo processo de organiza\u00e7\u00e3o da visita do Bispo de Roma ao pa\u00eds.<\/p>\n<p>O processo organizativo abrange as \u00e1reas pastoral, log\u00edstica e lit\u00fargica, passando ainda pelas vertentes protocolar e comunicacional, e envolve dezenas de bispos, sacerdotes, religiosas e leigos.<\/p>\n<p>Segundo a nota de imprensa, as comiss\u00f5es abrangem \u00e1reas fundamentais, e este momento marca o in\u00edcio de uma grande mobiliza\u00e7\u00e3o nacional da Igreja Cat\u00f3lica em Angola, rumo a um acontecimento hist\u00f3rico de f\u00e9, esperan\u00e7a e renova\u00e7\u00e3o espiritual.<\/p>\n","protected":false},"excerpt":{"rendered":"<p>A CEAST \u2014 Confer\u00eancia Episcopal de Angola e S\u00e3o Tom\u00e9 \u2014 instituiu oficialmente, esta quarta-feira, 28 de Janeiro, as comiss\u00f5es de trabalho ad hoc para a prepara\u00e7\u00e3o da visita apost\u00f3lica de Sua Santidade, o Papa Le\u00e3o Catorze, a Angola, anunciada pela Nunciatura Apost\u00f3lica no passado dia 13 de Janeiro. Por ...<\/p>\n","protected":false},"author":16,"featured_media":206441,"comment_status":"closed","ping_status":"closed","sticky":false,"template":"","format":"standard","meta":[],"categories":[142,121,164,163],"tags":[],"_links":{"self":[{"href":"https:\/\/rna.ao\/rna.ao\/wp-json\/wp\/v2\/posts\/206439"}],"collection":[{"href":"https:\/\/rna.ao\/rna.ao\/wp-json\/wp\/v2\/posts"}],"about":[{"href":"https:\/\/rna.ao\/rna.ao\/wp-json\/wp\/v2\/types\/post"}],"author":[{"embeddable":true,"href":"https:\/\/rna.ao\/rna.ao\/wp-json\/wp\/v2\/users\/16"}],"replies":[{"embeddable":true,"href":"https:\/\/rna.ao\/rna.ao\/wp-json\/wp\/v2\/comments?post=206439"}],"version-history":[{"count":1,"href":"https:\/\/rna.ao\/rna.ao\/wp-json\/wp\/v2\/posts\/206439\/revisions"}],"predecessor-version":[{"id":206442,"href":"https:\/\/rna.ao\/rna.ao\/wp-json\/wp\/v2\/posts\/206439\/revisions\/206442"}],"wp:featuredmedia":[{"embeddable":true,"href":"https:\/\/rna.ao\/rna.ao\/wp-json\/wp\/v2\/media\/206441"}],"wp:attachment":[{"href":"https:\/\/rna.ao\/rna.ao\/wp-json\/wp\/v2\/media?parent=206439"}],"wp:term":[{"taxonomy":"category","embeddable":true,"href":"https:\/\/rna.ao\/rna.ao\/wp-json\/wp\/v2\/categories?post=206439"},{"taxonomy":"post_tag","embeddable":true,"href":"https:\/\/rna.ao\/rna.ao\/wp-json\/wp\/v2\/tags?post=206439"}],"curies":[{"name":"wp","href":"https:\/\/api.w.org\/{rel}","templated":true}]}}