{"id":206429,"date":"2026-01-30T11:12:59","date_gmt":"2026-01-30T10:12:59","guid":{"rendered":"https:\/\/rna.ao\/rna.ao\/?p=206429"},"modified":"2026-01-30T11:14:41","modified_gmt":"2026-01-30T10:14:41","slug":"governo-vai-em-breve-avancar-com-a-revisao-da-lei-sobre-produtos-quimicos","status":"publish","type":"post","link":"https:\/\/rna.ao\/rna.ao\/2026\/01\/30\/governo-vai-em-breve-avancar-com-a-revisao-da-lei-sobre-produtos-quimicos\/","title":{"rendered":"Governo vai em breve avan\u00e7ar com a revis\u00e3o da lei sobre produtos qu\u00edmicos"},"content":{"rendered":"<p><img loading=\"lazy\" class=\"alignnone size-medium wp-image-206431\" src=\"https:\/\/rna.ao\/rna.ao\/wp-content\/uploads\/2026\/01\/IMG_5159-770x513.jpeg\" alt=\"\" width=\"770\" height=\"513\" srcset=\"https:\/\/rna.ao\/rna.ao\/wp-content\/uploads\/2026\/01\/IMG_5159-770x513.jpeg 770w, https:\/\/rna.ao\/rna.ao\/wp-content\/uploads\/2026\/01\/IMG_5159-1170x780.jpeg 1170w, https:\/\/rna.ao\/rna.ao\/wp-content\/uploads\/2026\/01\/IMG_5159-768x512.jpeg 768w, https:\/\/rna.ao\/rna.ao\/wp-content\/uploads\/2026\/01\/IMG_5159-1536x1023.jpeg 1536w, https:\/\/rna.ao\/rna.ao\/wp-content\/uploads\/2026\/01\/IMG_5159.jpeg 1600w\" sizes=\"(max-width: 770px) 100vw, 770px\" \/>A legisla\u00e7\u00e3o angolana em vigor sobre produtos qu\u00edmicos vai, em breve, ser revista.<\/p>\n<p>O an\u00fancio foi feito pela Ministra do Ambiente, Ana Paula de Carvalho, que falava nesta quinta-feira, \u00e0 margem da confer\u00eancia sobre produtos qu\u00edmicos, no \u00e2mbito do Dia Nacional do Ambiente, a assinalar-se a 31 deste m\u00eas.<\/p>\n<p>A governante disse ser necess\u00e1ria a recolha de mais dados e informa\u00e7\u00f5es sobre as subst\u00e2ncias qu\u00edmicas existentes no pa\u00eds, para que se possa avan\u00e7ar com a revis\u00e3o do diploma legal que regula o sector em Angola. Clique no \u00e1udio e ou\u00e7a:<\/p>\n\t<div class=\"qtmplayer-playlist-large\">\n\t\t<ul class=\"qtmplayer-playlist\">\n\t\t\t\n\t\t\t\t\t<li class=\"qtmplayer-trackitem\">\n\t\t<img src=\"https:\/\/rna.ao\/rna.ao\/wp-content\/uploads\/2026\/01\/IMG_5156-100x100.jpeg\" alt=\"cover\">\t\t<span \t\t\tdata-qtmplayer-cover=\"https:\/\/rna.ao\/rna.ao\/wp-content\/uploads\/2026\/01\/IMG_5156-370x370.jpeg\"\n\t\t\t\t\t\tdata-qtmplayer-file=\"https:\/\/rna.ao\/rna.ao\/wp-content\/uploads\/2026\/01\/ANA-PAULA-DE-CARVALHO-1-07-HRS.mp3\"\n\t\t\t\t\t\tdata-qtmplayer-title=\"Governo vai em breve avan\u00e7ar com a revis\u00e3o da lei sobre produtos qu\u00edmicos\"\n\t\t\t\t\t\tdata-qtmplayer-artist=\"Juliana Nunes\"\n\t\t\t\t\t\tdata-qtmplayer-link=\"https:\/\/rna.ao\/rna.ao\/2026\/01\/30\/governo-vai-em-breve-avancar-com-a-revisao-da-lei-sobre-produtos-quimicos\/\"\n\t\t\t\t\t\tdata-qtmplayer-icon=\"file_download\"\n\t\t\t\t\t\tdata-qtmplayer-type=\"track\"\n\t\t\t class=\"qtmplayer-play qtmplayer-link-sec qtmplayer-play-btn\"><i class='material-icons'>play_arrow<\/i><\/span>\n\t\t<p>\n\t\t\t<span class=\"qtmplayer-tit\">Governo vai em breve avan\u00e7ar com a revis\u00e3o da lei sobre produtos qu\u00edmicos<\/span>\n\t\t\t<span class=\"qtmplayer-art\">Juliana Nunes<\/span>\n\t\t<\/p>\n\t<\/li>\n\t\t<\/ul>\n\t<\/div>\t\t\t\n\t\n<p>A Ministra avan\u00e7ou ainda que, nos \u00faltimos dois anos, se registou um aumento significativo no volume de produtos qu\u00edmicos em circula\u00e7\u00e3o no pa\u00eds, um cen\u00e1rio que, no entanto, continua marcado por elevados n\u00edveis de ilegalidade. Clique no \u00e1udio e ou\u00e7a:<\/p>\n\t<div class=\"qtmplayer-playlist-large\">\n\t\t<ul class=\"qtmplayer-playlist\">\n\t\t\t\n\t\t\t\t\t<li class=\"qtmplayer-trackitem\">\n\t\t<img src=\"https:\/\/rna.ao\/rna.ao\/wp-content\/uploads\/2026\/01\/IMG_5156-100x100.jpeg\" alt=\"cover\">\t\t<span \t\t\tdata-qtmplayer-cover=\"https:\/\/rna.ao\/rna.ao\/wp-content\/uploads\/2026\/01\/IMG_5156-370x370.jpeg\"\n\t\t\t\t\t\tdata-qtmplayer-file=\"https:\/\/rna.ao\/rna.ao\/wp-content\/uploads\/2026\/01\/ANA-PAULA-DE-CARVALHO-2-07-HRS.mp3\"\n\t\t\t\t\t\tdata-qtmplayer-title=\"Governo vai em breve avan\u00e7ar com a revis\u00e3o da lei sobre produtos qu\u00edmicos\"\n\t\t\t\t\t\tdata-qtmplayer-artist=\"Juliana Nunes\"\n\t\t\t\t\t\tdata-qtmplayer-link=\"https:\/\/rna.ao\/rna.ao\/2026\/01\/30\/governo-vai-em-breve-avancar-com-a-revisao-da-lei-sobre-produtos-quimicos\/\"\n\t\t\t\t\t\tdata-qtmplayer-icon=\"file_download\"\n\t\t\t\t\t\tdata-qtmplayer-type=\"track\"\n\t\t\t class=\"qtmplayer-play qtmplayer-link-sec qtmplayer-play-btn\"><i class='material-icons'>play_arrow<\/i><\/span>\n\t\t<p>\n\t\t\t<span class=\"qtmplayer-tit\">Governo vai em breve avan\u00e7ar com a revis\u00e3o da lei sobre produtos qu\u00edmicos<\/span>\n\t\t\t<span class=\"qtmplayer-art\">Juliana Nunes<\/span>\n\t\t<\/p>\n\t<\/li>\n\t\t<\/ul>\n\t<\/div>\t\t\t\n\t\n<p><img loading=\"lazy\" class=\"alignnone size-medium wp-image-206432\" src=\"https:\/\/rna.ao\/rna.ao\/wp-content\/uploads\/2026\/01\/IMG_5157-770x513.jpeg\" alt=\"\" width=\"770\" height=\"513\" srcset=\"https:\/\/rna.ao\/rna.ao\/wp-content\/uploads\/2026\/01\/IMG_5157-770x513.jpeg 770w, https:\/\/rna.ao\/rna.ao\/wp-content\/uploads\/2026\/01\/IMG_5157-1170x780.jpeg 1170w, https:\/\/rna.ao\/rna.ao\/wp-content\/uploads\/2026\/01\/IMG_5157-768x512.jpeg 768w, https:\/\/rna.ao\/rna.ao\/wp-content\/uploads\/2026\/01\/IMG_5157-1536x1023.jpeg 1536w, https:\/\/rna.ao\/rna.ao\/wp-content\/uploads\/2026\/01\/IMG_5157.jpeg 1600w\" sizes=\"(max-width: 770px) 100vw, 770px\" \/>Por sua vez, o professor universit\u00e1rio e membro da Ordem dos Qu\u00edmicos de Angola, Teka Tena Canda, defende a cria\u00e7\u00e3o de um programa nacional para a gest\u00e3o de produtos qu\u00edmicos.<\/p>\n<p>Segundo o qu\u00edmico, o programa deve estar focado na educa\u00e7\u00e3o da sociedade sobre a complexidade, os riscos e os perigos associados ao manuseamento e uso destes produtos. Clique no \u00e1udio e ou\u00e7a:<\/p>\n\t<div class=\"qtmplayer-playlist-large\">\n\t\t<ul class=\"qtmplayer-playlist\">\n\t\t\t\n\t\t\t\t\t<li class=\"qtmplayer-trackitem\">\n\t\t<img src=\"https:\/\/rna.ao\/rna.ao\/wp-content\/uploads\/2026\/01\/IMG_5156-100x100.jpeg\" alt=\"cover\">\t\t<span \t\t\tdata-qtmplayer-cover=\"https:\/\/rna.ao\/rna.ao\/wp-content\/uploads\/2026\/01\/IMG_5156-370x370.jpeg\"\n\t\t\t\t\t\tdata-qtmplayer-file=\"https:\/\/rna.ao\/rna.ao\/wp-content\/uploads\/2026\/01\/TEKA-TANA-KANDA-07-HRS.mp3\"\n\t\t\t\t\t\tdata-qtmplayer-title=\"Governo vai em breve avan\u00e7ar com a revis\u00e3o da lei sobre produtos qu\u00edmicos\"\n\t\t\t\t\t\tdata-qtmplayer-artist=\"Juliana Nunes\"\n\t\t\t\t\t\tdata-qtmplayer-link=\"https:\/\/rna.ao\/rna.ao\/2026\/01\/30\/governo-vai-em-breve-avancar-com-a-revisao-da-lei-sobre-produtos-quimicos\/\"\n\t\t\t\t\t\tdata-qtmplayer-icon=\"file_download\"\n\t\t\t\t\t\tdata-qtmplayer-type=\"track\"\n\t\t\t class=\"qtmplayer-play qtmplayer-link-sec qtmplayer-play-btn\"><i class='material-icons'>play_arrow<\/i><\/span>\n\t\t<p>\n\t\t\t<span class=\"qtmplayer-tit\">Governo vai em breve avan\u00e7ar com a revis\u00e3o da lei sobre produtos qu\u00edmicos<\/span>\n\t\t\t<span class=\"qtmplayer-art\">Juliana Nunes<\/span>\n\t\t<\/p>\n\t<\/li>\n\t\t<\/ul>\n\t<\/div>\t\t\t\n\t\n","protected":false},"excerpt":{"rendered":"<p>A legisla\u00e7\u00e3o angolana em vigor sobre produtos qu\u00edmicos vai, em breve, ser revista. O an\u00fancio foi feito pela Ministra do Ambiente, Ana Paula de Carvalho, que falava nesta quinta-feira, \u00e0 margem da confer\u00eancia sobre produtos qu\u00edmicos, no \u00e2mbito do Dia Nacional do Ambiente, a assinalar-se a 31 deste m\u00eas. A ...<\/p>\n","protected":false},"author":16,"featured_media":206430,"comment_status":"closed","ping_status":"closed","sticky":false,"template":"","format":"standard","meta":[],"categories":[142,121,164,163],"tags":[],"_links":{"self":[{"href":"https:\/\/rna.ao\/rna.ao\/wp-json\/wp\/v2\/posts\/206429"}],"collection":[{"href":"https:\/\/rna.ao\/rna.ao\/wp-json\/wp\/v2\/posts"}],"about":[{"href":"https:\/\/rna.ao\/rna.ao\/wp-json\/wp\/v2\/types\/post"}],"author":[{"embeddable":true,"href":"https:\/\/rna.ao\/rna.ao\/wp-json\/wp\/v2\/users\/16"}],"replies":[{"embeddable":true,"href":"https:\/\/rna.ao\/rna.ao\/wp-json\/wp\/v2\/comments?post=206429"}],"version-history":[{"count":3,"href":"https:\/\/rna.ao\/rna.ao\/wp-json\/wp\/v2\/posts\/206429\/revisions"}],"predecessor-version":[{"id":206438,"href":"https:\/\/rna.ao\/rna.ao\/wp-json\/wp\/v2\/posts\/206429\/revisions\/206438"}],"wp:featuredmedia":[{"embeddable":true,"href":"https:\/\/rna.ao\/rna.ao\/wp-json\/wp\/v2\/media\/206430"}],"wp:attachment":[{"href":"https:\/\/rna.ao\/rna.ao\/wp-json\/wp\/v2\/media?parent=206429"}],"wp:term":[{"taxonomy":"category","embeddable":true,"href":"https:\/\/rna.ao\/rna.ao\/wp-json\/wp\/v2\/categories?post=206429"},{"taxonomy":"post_tag","embeddable":true,"href":"https:\/\/rna.ao\/rna.ao\/wp-json\/wp\/v2\/tags?post=206429"}],"curies":[{"name":"wp","href":"https:\/\/api.w.org\/{rel}","templated":true}]}}