{"id":206342,"date":"2026-01-29T11:28:07","date_gmt":"2026-01-29T10:28:07","guid":{"rendered":"https:\/\/rna.ao\/rna.ao\/?p=206342"},"modified":"2026-01-29T21:38:47","modified_gmt":"2026-01-29T20:38:47","slug":"bairro-da-comissao-do-cazenga-tera-imagem-melhorada-com-obras-de-requalificacao-que-vai-receber","status":"publish","type":"post","link":"https:\/\/rna.ao\/rna.ao\/2026\/01\/29\/bairro-da-comissao-do-cazenga-tera-imagem-melhorada-com-obras-de-requalificacao-que-vai-receber\/","title":{"rendered":"Bairro da Comiss\u00e3o do Cazenga ter\u00e1 imagem melhorada com obras de requalifica\u00e7\u00e3o"},"content":{"rendered":"<p><img loading=\"lazy\" class=\"wp-image-164351 alignleft\" src=\"https:\/\/rna.ao\/rna.ao\/wp-content\/uploads\/2025\/01\/OBRAS-DO-PIIM-EM-mALANJE-770x513.jpg\" alt=\"\" width=\"366\" height=\"244\" srcset=\"https:\/\/rna.ao\/rna.ao\/wp-content\/uploads\/2025\/01\/OBRAS-DO-PIIM-EM-mALANJE-770x513.jpg 770w, https:\/\/rna.ao\/rna.ao\/wp-content\/uploads\/2025\/01\/OBRAS-DO-PIIM-EM-mALANJE-768x511.jpg 768w, https:\/\/rna.ao\/rna.ao\/wp-content\/uploads\/2025\/01\/OBRAS-DO-PIIM-EM-mALANJE.jpg 799w\" sizes=\"(max-width: 366px) 100vw, 366px\" \/>O Governo da Prov\u00edncia de Luanda, inicia nesta quinta-feira as obras de requalifica\u00e7\u00e3o do bairro Comiss\u00e3o do Cazenga. No terreno j\u00e1 se encontram homens e m\u00e1quinas, um sinal que alegra os moradores que anteveem uma nova imagem do bairro. Ou\u00e7a o desenvolvimento desta mat\u00e9ria na voz do jornalista Kutala Vieira:<\/p>\n\t<div class=\"qtmplayer-playlist-large\">\n\t\t<ul class=\"qtmplayer-playlist\">\n\t\t\t\n\t\t\t\t\t<li class=\"qtmplayer-trackitem\">\n\t\t<img src=\"https:\/\/rna.ao\/rna.ao\/wp-content\/uploads\/2025\/01\/OBRAS-DO-PIIM-EM-mALANJE-100x100.jpg\" alt=\"cover\">\t\t<span \t\t\tdata-qtmplayer-cover=\"https:\/\/rna.ao\/rna.ao\/wp-content\/uploads\/2025\/01\/OBRAS-DO-PIIM-EM-mALANJE-370x370.jpg\"\n\t\t\t\t\t\tdata-qtmplayer-file=\"https:\/\/rna.ao\/rna.ao\/wp-content\/uploads\/2026\/01\/KUTALA-VIEIRA-20H.mp3\"\n\t\t\t\t\t\tdata-qtmplayer-title=\"Bairro da Comiss\u00e3o do Cazenga ter\u00e1 imagem melhorada com obras de requalifica\u00e7\u00e3o\"\n\t\t\t\t\t\tdata-qtmplayer-artist=\"Ant\u00f3nio Augusto\"\n\t\t\t\t\t\tdata-qtmplayer-link=\"https:\/\/rna.ao\/rna.ao\/2026\/01\/29\/bairro-da-comissao-do-cazenga-tera-imagem-melhorada-com-obras-de-requalificacao-que-vai-receber\/\"\n\t\t\t\t\t\tdata-qtmplayer-icon=\"file_download\"\n\t\t\t\t\t\tdata-qtmplayer-type=\"track\"\n\t\t\t class=\"qtmplayer-play qtmplayer-link-sec qtmplayer-play-btn\"><i class='material-icons'>play_arrow<\/i><\/span>\n\t\t<p>\n\t\t\t<span class=\"qtmplayer-tit\">Bairro da Comiss\u00e3o do Cazenga ter\u00e1 imagem melhorada com obras de requalifica\u00e7\u00e3o<\/span>\n\t\t\t<span class=\"qtmplayer-art\">Ant\u00f3nio Augusto<\/span>\n\t\t<\/p>\n\t<\/li>\n\t\t<\/ul>\n\t<\/div>\t\t\t\n\t\n","protected":false},"excerpt":{"rendered":"<p>O Governo da Prov\u00edncia de Luanda, inicia nesta quinta-feira as obras de requalifica\u00e7\u00e3o do bairro Comiss\u00e3o do Cazenga. No terreno j\u00e1 se encontram homens e m\u00e1quinas, um sinal que alegra os moradores que anteveem uma nova imagem do bairro. Ou\u00e7a o desenvolvimento desta mat\u00e9ria na voz do jornalista Kutala Vieira:<\/p>\n","protected":false},"author":23,"featured_media":164351,"comment_status":"closed","ping_status":"closed","sticky":false,"template":"","format":"standard","meta":[],"categories":[141,133],"tags":[],"_links":{"self":[{"href":"https:\/\/rna.ao\/rna.ao\/wp-json\/wp\/v2\/posts\/206342"}],"collection":[{"href":"https:\/\/rna.ao\/rna.ao\/wp-json\/wp\/v2\/posts"}],"about":[{"href":"https:\/\/rna.ao\/rna.ao\/wp-json\/wp\/v2\/types\/post"}],"author":[{"embeddable":true,"href":"https:\/\/rna.ao\/rna.ao\/wp-json\/wp\/v2\/users\/23"}],"replies":[{"embeddable":true,"href":"https:\/\/rna.ao\/rna.ao\/wp-json\/wp\/v2\/comments?post=206342"}],"version-history":[{"count":2,"href":"https:\/\/rna.ao\/rna.ao\/wp-json\/wp\/v2\/posts\/206342\/revisions"}],"predecessor-version":[{"id":206395,"href":"https:\/\/rna.ao\/rna.ao\/wp-json\/wp\/v2\/posts\/206342\/revisions\/206395"}],"wp:featuredmedia":[{"embeddable":true,"href":"https:\/\/rna.ao\/rna.ao\/wp-json\/wp\/v2\/media\/164351"}],"wp:attachment":[{"href":"https:\/\/rna.ao\/rna.ao\/wp-json\/wp\/v2\/media?parent=206342"}],"wp:term":[{"taxonomy":"category","embeddable":true,"href":"https:\/\/rna.ao\/rna.ao\/wp-json\/wp\/v2\/categories?post=206342"},{"taxonomy":"post_tag","embeddable":true,"href":"https:\/\/rna.ao\/rna.ao\/wp-json\/wp\/v2\/tags?post=206342"}],"curies":[{"name":"wp","href":"https:\/\/api.w.org\/{rel}","templated":true}]}}