{"id":206338,"date":"2026-01-29T11:24:27","date_gmt":"2026-01-29T10:24:27","guid":{"rendered":"https:\/\/rna.ao\/rna.ao\/?p=206338"},"modified":"2026-01-29T21:39:11","modified_gmt":"2026-01-29T20:39:11","slug":"uniao-africana-reforca-os-mecanismos-internos-de-gestao-de-recursos-humanos","status":"publish","type":"post","link":"https:\/\/rna.ao\/rna.ao\/2026\/01\/29\/uniao-africana-reforca-os-mecanismos-internos-de-gestao-de-recursos-humanos\/","title":{"rendered":"Uni\u00e3o Africana refor\u00e7a mecanismos internos de gest\u00e3o de recursos humanos"},"content":{"rendered":"<p><img loading=\"lazy\" class=\"wp-image-191394 alignleft\" src=\"https:\/\/rna.ao\/rna.ao\/wp-content\/uploads\/2025\/09\/Cimeira-do-clima-energias-renovaveis-UNIAO-AFRICANA-JOAO-LOURENCO-ua-770x513.jpg\" alt=\"\" width=\"371\" height=\"247\" srcset=\"https:\/\/rna.ao\/rna.ao\/wp-content\/uploads\/2025\/09\/Cimeira-do-clima-energias-renovaveis-UNIAO-AFRICANA-JOAO-LOURENCO-ua-770x513.jpg 770w, https:\/\/rna.ao\/rna.ao\/wp-content\/uploads\/2025\/09\/Cimeira-do-clima-energias-renovaveis-UNIAO-AFRICANA-JOAO-LOURENCO-ua-1170x780.jpg 1170w, https:\/\/rna.ao\/rna.ao\/wp-content\/uploads\/2025\/09\/Cimeira-do-clima-energias-renovaveis-UNIAO-AFRICANA-JOAO-LOURENCO-ua-768x512.jpg 768w, https:\/\/rna.ao\/rna.ao\/wp-content\/uploads\/2025\/09\/Cimeira-do-clima-energias-renovaveis-UNIAO-AFRICANA-JOAO-LOURENCO-ua.jpg 1280w\" sizes=\"(max-width: 371px) 100vw, 371px\" \/>A Uni\u00e3o Africana est\u00e1 a refor\u00e7ar os mecanismos internos de gest\u00e3o de recursos humanos, com destaque para o processo de recrutamento e promo\u00e7\u00e3o de quadros, das reformas institucionais em curso. O assunto, foi abordado na ontem, quarta-feira(28), num encontro entre o Embaixador de Angola junto da organiza\u00e7\u00e3o continental e a vice-presidente da Comiss\u00e3o, Selma Haddadi. Clique no \u00e1udio abaixo e saiba mais com a jornalista Lu\u00edsa Sampaio:<\/p>\n\t<div class=\"qtmplayer-playlist-large\">\n\t\t<ul class=\"qtmplayer-playlist\">\n\t\t\t\n\t\t\t\t\t<li class=\"qtmplayer-trackitem\">\n\t\t<img src=\"https:\/\/rna.ao\/rna.ao\/wp-content\/uploads\/2025\/09\/Cimeira-do-clima-energias-renovaveis-UNIAO-AFRICANA-JOAO-LOURENCO-ua-100x100.jpg\" alt=\"cover\">\t\t<span \t\t\tdata-qtmplayer-cover=\"https:\/\/rna.ao\/rna.ao\/wp-content\/uploads\/2025\/09\/Cimeira-do-clima-energias-renovaveis-UNIAO-AFRICANA-JOAO-LOURENCO-ua-370x370.jpg\"\n\t\t\t\t\t\tdata-qtmplayer-file=\"https:\/\/rna.ao\/rna.ao\/wp-content\/uploads\/2026\/01\/LUISA-SAMPAIO-20H.mp3\"\n\t\t\t\t\t\tdata-qtmplayer-title=\"Uni\u00e3o Africana refor\u00e7a mecanismos internos de gest\u00e3o de recursos humanos\"\n\t\t\t\t\t\tdata-qtmplayer-artist=\"Ant\u00f3nio Augusto\"\n\t\t\t\t\t\tdata-qtmplayer-link=\"https:\/\/rna.ao\/rna.ao\/2026\/01\/29\/uniao-africana-reforca-os-mecanismos-internos-de-gestao-de-recursos-humanos\/\"\n\t\t\t\t\t\tdata-qtmplayer-icon=\"file_download\"\n\t\t\t\t\t\tdata-qtmplayer-type=\"track\"\n\t\t\t class=\"qtmplayer-play qtmplayer-link-sec qtmplayer-play-btn\"><i class='material-icons'>play_arrow<\/i><\/span>\n\t\t<p>\n\t\t\t<span class=\"qtmplayer-tit\">Uni\u00e3o Africana refor\u00e7a mecanismos internos de gest\u00e3o de recursos humanos<\/span>\n\t\t\t<span class=\"qtmplayer-art\">Ant\u00f3nio Augusto<\/span>\n\t\t<\/p>\n\t<\/li>\n\t\t<\/ul>\n\t<\/div>\t\t\t\n\t\n","protected":false},"excerpt":{"rendered":"<p>A Uni\u00e3o Africana est\u00e1 a refor\u00e7ar os mecanismos internos de gest\u00e3o de recursos humanos, com destaque para o processo de recrutamento e promo\u00e7\u00e3o de quadros, das reformas institucionais em curso. O assunto, foi abordado na ontem, quarta-feira(28), num encontro entre o Embaixador de Angola junto da organiza\u00e7\u00e3o continental e a ...<\/p>\n","protected":false},"author":23,"featured_media":191394,"comment_status":"closed","ping_status":"closed","sticky":false,"template":"","format":"standard","meta":[],"categories":[142,121,163],"tags":[],"_links":{"self":[{"href":"https:\/\/rna.ao\/rna.ao\/wp-json\/wp\/v2\/posts\/206338"}],"collection":[{"href":"https:\/\/rna.ao\/rna.ao\/wp-json\/wp\/v2\/posts"}],"about":[{"href":"https:\/\/rna.ao\/rna.ao\/wp-json\/wp\/v2\/types\/post"}],"author":[{"embeddable":true,"href":"https:\/\/rna.ao\/rna.ao\/wp-json\/wp\/v2\/users\/23"}],"replies":[{"embeddable":true,"href":"https:\/\/rna.ao\/rna.ao\/wp-json\/wp\/v2\/comments?post=206338"}],"version-history":[{"count":3,"href":"https:\/\/rna.ao\/rna.ao\/wp-json\/wp\/v2\/posts\/206338\/revisions"}],"predecessor-version":[{"id":206396,"href":"https:\/\/rna.ao\/rna.ao\/wp-json\/wp\/v2\/posts\/206338\/revisions\/206396"}],"wp:featuredmedia":[{"embeddable":true,"href":"https:\/\/rna.ao\/rna.ao\/wp-json\/wp\/v2\/media\/191394"}],"wp:attachment":[{"href":"https:\/\/rna.ao\/rna.ao\/wp-json\/wp\/v2\/media?parent=206338"}],"wp:term":[{"taxonomy":"category","embeddable":true,"href":"https:\/\/rna.ao\/rna.ao\/wp-json\/wp\/v2\/categories?post=206338"},{"taxonomy":"post_tag","embeddable":true,"href":"https:\/\/rna.ao\/rna.ao\/wp-json\/wp\/v2\/tags?post=206338"}],"curies":[{"name":"wp","href":"https:\/\/api.w.org\/{rel}","templated":true}]}}