{"id":206327,"date":"2026-01-29T11:12:12","date_gmt":"2026-01-29T10:12:12","guid":{"rendered":"https:\/\/rna.ao\/rna.ao\/?p=206327"},"modified":"2026-01-29T11:12:12","modified_gmt":"2026-01-29T10:12:12","slug":"devem-ser-os-latino-americanos-a-transformar-minerais-criticos-e-terras-raras-e-gerar-riqueza-para-os-paises-diz-lula-da-silva","status":"publish","type":"post","link":"https:\/\/rna.ao\/rna.ao\/2026\/01\/29\/devem-ser-os-latino-americanos-a-transformar-minerais-criticos-e-terras-raras-e-gerar-riqueza-para-os-paises-diz-lula-da-silva\/","title":{"rendered":"Devem ser os latino-americanos a transformar minerais cr\u00edticos e terras raras e &#8220;gerar riqueza&#8221; para os pa\u00edses, diz Lula da Silva"},"content":{"rendered":"<p><img loading=\"lazy\" class=\"wp-image-70989 alignleft\" src=\"https:\/\/rna.ao\/rna.ao\/wp-content\/uploads\/2022\/07\/vale-mineracao-vagas-tecnicos-engenheiros-operadores-1140x675-1-770x456.jpg\" alt=\"\" width=\"323\" height=\"191\" srcset=\"https:\/\/rna.ao\/rna.ao\/wp-content\/uploads\/2022\/07\/vale-mineracao-vagas-tecnicos-engenheiros-operadores-1140x675-1-770x456.jpg 770w, https:\/\/rna.ao\/rna.ao\/wp-content\/uploads\/2022\/07\/vale-mineracao-vagas-tecnicos-engenheiros-operadores-1140x675-1-768x455.jpg 768w, https:\/\/rna.ao\/rna.ao\/wp-content\/uploads\/2022\/07\/vale-mineracao-vagas-tecnicos-engenheiros-operadores-1140x675-1.jpg 1140w\" sizes=\"(max-width: 323px) 100vw, 323px\" \/>O Presidente brasileiro, Luiz In\u00e1cio Lula da Silva, exortou hoje, quinta-feira, 29, ao estabelecimento de parcerias entre latino-americanos para transformar minerais cr\u00edticos e terras raras e &#8220;gerar riqueza&#8221; para os pa\u00edses.<\/p>\n<p>Na opini\u00e3o de Lula da Silva, devem ser latino-americanos a transformar os seus recursos.\u00a0No discurso, Lula da Silva aproveitou ainda para defender uma maior integra\u00e7\u00e3o da Am\u00e9rica Latina, bem como a independ\u00eancia da regi\u00e3o face \u00e0s tentativas de dividir o mundo em \u00e1reas de influ\u00eancia das grandes pot\u00eancias.<\/p>\n<p>Os minerais cr\u00edticos tornaram-se um objeto de desejo do Presidente norte-americano, Donald Trump, que colocou esses produtos no centro das suas negocia\u00e7\u00f5es comerciais com o resto do mundo.<\/p>\n","protected":false},"excerpt":{"rendered":"<p>O Presidente brasileiro, Luiz In\u00e1cio Lula da Silva, exortou hoje, quinta-feira, 29, ao estabelecimento de parcerias entre latino-americanos para transformar minerais cr\u00edticos e terras raras e &#8220;gerar riqueza&#8221; para os pa\u00edses. Na opini\u00e3o de Lula da Silva, devem ser latino-americanos a transformar os seus recursos.\u00a0No discurso, Lula da Silva aproveitou ...<\/p>\n","protected":false},"author":23,"featured_media":113165,"comment_status":"closed","ping_status":"closed","sticky":false,"template":"","format":"standard","meta":[],"categories":[143,137],"tags":[],"_links":{"self":[{"href":"https:\/\/rna.ao\/rna.ao\/wp-json\/wp\/v2\/posts\/206327"}],"collection":[{"href":"https:\/\/rna.ao\/rna.ao\/wp-json\/wp\/v2\/posts"}],"about":[{"href":"https:\/\/rna.ao\/rna.ao\/wp-json\/wp\/v2\/types\/post"}],"author":[{"embeddable":true,"href":"https:\/\/rna.ao\/rna.ao\/wp-json\/wp\/v2\/users\/23"}],"replies":[{"embeddable":true,"href":"https:\/\/rna.ao\/rna.ao\/wp-json\/wp\/v2\/comments?post=206327"}],"version-history":[{"count":1,"href":"https:\/\/rna.ao\/rna.ao\/wp-json\/wp\/v2\/posts\/206327\/revisions"}],"predecessor-version":[{"id":206335,"href":"https:\/\/rna.ao\/rna.ao\/wp-json\/wp\/v2\/posts\/206327\/revisions\/206335"}],"wp:featuredmedia":[{"embeddable":true,"href":"https:\/\/rna.ao\/rna.ao\/wp-json\/wp\/v2\/media\/113165"}],"wp:attachment":[{"href":"https:\/\/rna.ao\/rna.ao\/wp-json\/wp\/v2\/media?parent=206327"}],"wp:term":[{"taxonomy":"category","embeddable":true,"href":"https:\/\/rna.ao\/rna.ao\/wp-json\/wp\/v2\/categories?post=206327"},{"taxonomy":"post_tag","embeddable":true,"href":"https:\/\/rna.ao\/rna.ao\/wp-json\/wp\/v2\/tags?post=206327"}],"curies":[{"name":"wp","href":"https:\/\/api.w.org\/{rel}","templated":true}]}}