{"id":206250,"date":"2026-01-29T08:39:44","date_gmt":"2026-01-29T07:39:44","guid":{"rendered":"https:\/\/rna.ao\/rna.ao\/?p=206250"},"modified":"2026-01-29T21:45:25","modified_gmt":"2026-01-29T20:45:25","slug":"delagacao-da-faf-trabalha-hoje-na-provincia-de-malanje","status":"publish","type":"post","link":"https:\/\/rna.ao\/rna.ao\/2026\/01\/29\/delagacao-da-faf-trabalha-hoje-na-provincia-de-malanje\/","title":{"rendered":"Delega\u00e7\u00e3o da FAF trabalha hoje na prov\u00edncia de Malanje"},"content":{"rendered":"<p><img loading=\"lazy\" class=\"size-full wp-image-206253 alignleft\" src=\"https:\/\/rna.ao\/rna.ao\/wp-content\/uploads\/2026\/01\/FAF.jpg\" alt=\"\" width=\"384\" height=\"288\" \/>O presidente Alves Sim\u00f5es e a pequena delega\u00e7\u00e3o da FAF rumam nas pr\u00f3ximas horas \u00e0 Malanje, onde tal como aconteceu nas v\u00e1rias prov\u00edncias, v\u00e3o auscultar a direc\u00e7\u00e3o da APF local e os representantes dos distintos clubes da pra\u00e7a, a que se v\u00e3o seguir, Cabinda e Icolo e Bengo. Na ter\u00e7a-feira(27),\u00a0 a delega\u00e7\u00e3o trabalhou na prov\u00edncia de Benguela, onde Evanir Coelho, presidente do Nacional de Benguela, aplaudiu a realiza\u00e7\u00e3o do encontro e disse que espera que sejam implementadas as conclus\u00f5es a que chegaram.\u00a0Clique no \u00e1udio abaixo e ou\u00e7a:<\/p>\n\t<div class=\"qtmplayer-playlist-large\">\n\t\t<ul class=\"qtmplayer-playlist\">\n\t\t\t\n\t\t\t\t\t<li class=\"qtmplayer-trackitem\">\n\t\t<img src=\"https:\/\/rna.ao\/rna.ao\/wp-content\/uploads\/2026\/01\/FAF-100x100.jpg\" alt=\"cover\">\t\t<span \t\t\tdata-qtmplayer-cover=\"https:\/\/rna.ao\/rna.ao\/wp-content\/uploads\/2026\/01\/FAF.jpg\"\n\t\t\t\t\t\tdata-qtmplayer-file=\"https:\/\/rna.ao\/rna.ao\/wp-content\/uploads\/2026\/01\/6-IVANIR-COELHO-29-01-26.mp3\"\n\t\t\t\t\t\tdata-qtmplayer-title=\"Delega\u00e7\u00e3o da FAF trabalha hoje na prov\u00edncia de Malanje\"\n\t\t\t\t\t\tdata-qtmplayer-artist=\"Ant\u00f3nio Augusto\"\n\t\t\t\t\t\tdata-qtmplayer-link=\"https:\/\/rna.ao\/rna.ao\/2026\/01\/29\/delagacao-da-faf-trabalha-hoje-na-provincia-de-malanje\/\"\n\t\t\t\t\t\tdata-qtmplayer-icon=\"file_download\"\n\t\t\t\t\t\tdata-qtmplayer-type=\"track\"\n\t\t\t class=\"qtmplayer-play qtmplayer-link-sec qtmplayer-play-btn\"><i class='material-icons'>play_arrow<\/i><\/span>\n\t\t<p>\n\t\t\t<span class=\"qtmplayer-tit\">Delega\u00e7\u00e3o da FAF trabalha hoje na prov\u00edncia de Malanje<\/span>\n\t\t\t<span class=\"qtmplayer-art\">Ant\u00f3nio Augusto<\/span>\n\t\t<\/p>\n\t<\/li>\n\t\t<\/ul>\n\t<\/div>\t\t\t\n\t\n<p>E, Alves Sim\u00f5es resumiu o que foi o conclave com os distintos membros da fam\u00edlia do futebol na prov\u00edncia. Clique no \u00e1udio abaixo e ou\u00e7a:<\/p>\n\t<div class=\"qtmplayer-playlist-large\">\n\t\t<ul class=\"qtmplayer-playlist\">\n\t\t\t\n\t\t\t\t\t<li class=\"qtmplayer-trackitem\">\n\t\t<img src=\"https:\/\/rna.ao\/rna.ao\/wp-content\/uploads\/2026\/01\/FAF-100x100.jpg\" alt=\"cover\">\t\t<span \t\t\tdata-qtmplayer-cover=\"https:\/\/rna.ao\/rna.ao\/wp-content\/uploads\/2026\/01\/FAF.jpg\"\n\t\t\t\t\t\tdata-qtmplayer-file=\"https:\/\/rna.ao\/rna.ao\/wp-content\/uploads\/2026\/01\/7-ALVES-SIMOES-29-01-26.mp3\"\n\t\t\t\t\t\tdata-qtmplayer-title=\"Delega\u00e7\u00e3o da FAF trabalha hoje na prov\u00edncia de Malanje\"\n\t\t\t\t\t\tdata-qtmplayer-artist=\"Ant\u00f3nio Augusto\"\n\t\t\t\t\t\tdata-qtmplayer-link=\"https:\/\/rna.ao\/rna.ao\/2026\/01\/29\/delagacao-da-faf-trabalha-hoje-na-provincia-de-malanje\/\"\n\t\t\t\t\t\tdata-qtmplayer-icon=\"file_download\"\n\t\t\t\t\t\tdata-qtmplayer-type=\"track\"\n\t\t\t class=\"qtmplayer-play qtmplayer-link-sec qtmplayer-play-btn\"><i class='material-icons'>play_arrow<\/i><\/span>\n\t\t<p>\n\t\t\t<span class=\"qtmplayer-tit\">Delega\u00e7\u00e3o da FAF trabalha hoje na prov\u00edncia de Malanje<\/span>\n\t\t\t<span class=\"qtmplayer-art\">Ant\u00f3nio Augusto<\/span>\n\t\t<\/p>\n\t<\/li>\n\t\t<\/ul>\n\t<\/div>\t\t\t\n\t\n<p>Saliente-se que este p\u00e9riplo da alta delega\u00e7\u00e3o vai terminar aqui em Luanda, depois de passar pelo Cuanza-Sul e pelas capitais das v\u00e1rias prov\u00edncias que comp\u00f5em a regi\u00e3o centro-sul, e onde o trabalho acabou por realmente prof\u00edcuo, como avan\u00e7a Paulo Jorge Magueijo, o vice\u2013presidente para o futebol comunit\u00e1rio. Clique no \u00e1udio abaixo e ou\u00e7a:<\/p>\n\t<div class=\"qtmplayer-playlist-large\">\n\t\t<ul class=\"qtmplayer-playlist\">\n\t\t\t\n\t\t\t\t\t<li class=\"qtmplayer-trackitem\">\n\t\t<img src=\"https:\/\/rna.ao\/rna.ao\/wp-content\/uploads\/2026\/01\/FAF-100x100.jpg\" alt=\"cover\">\t\t<span \t\t\tdata-qtmplayer-cover=\"https:\/\/rna.ao\/rna.ao\/wp-content\/uploads\/2026\/01\/FAF.jpg\"\n\t\t\t\t\t\tdata-qtmplayer-file=\"https:\/\/rna.ao\/rna.ao\/wp-content\/uploads\/2026\/01\/8-PAULO-MAGUEJO-29-01-26.mp3\"\n\t\t\t\t\t\tdata-qtmplayer-title=\"Delega\u00e7\u00e3o da FAF trabalha hoje na prov\u00edncia de Malanje\"\n\t\t\t\t\t\tdata-qtmplayer-artist=\"Ant\u00f3nio Augusto\"\n\t\t\t\t\t\tdata-qtmplayer-link=\"https:\/\/rna.ao\/rna.ao\/2026\/01\/29\/delagacao-da-faf-trabalha-hoje-na-provincia-de-malanje\/\"\n\t\t\t\t\t\tdata-qtmplayer-icon=\"file_download\"\n\t\t\t\t\t\tdata-qtmplayer-type=\"track\"\n\t\t\t class=\"qtmplayer-play qtmplayer-link-sec qtmplayer-play-btn\"><i class='material-icons'>play_arrow<\/i><\/span>\n\t\t<p>\n\t\t\t<span class=\"qtmplayer-tit\">Delega\u00e7\u00e3o da FAF trabalha hoje na prov\u00edncia de Malanje<\/span>\n\t\t\t<span class=\"qtmplayer-art\">Ant\u00f3nio Augusto<\/span>\n\t\t<\/p>\n\t<\/li>\n\t\t<\/ul>\n\t<\/div>\t\t\t\n\t\n","protected":false},"excerpt":{"rendered":"<p>O presidente Alves Sim\u00f5es e a pequena delega\u00e7\u00e3o da FAF rumam nas pr\u00f3ximas horas \u00e0 Malanje, onde tal como aconteceu nas v\u00e1rias prov\u00edncias, v\u00e3o auscultar a direc\u00e7\u00e3o da APF local e os representantes dos distintos clubes da pra\u00e7a, a que se v\u00e3o seguir, Cabinda e Icolo e Bengo. Na ter\u00e7a-feira(27),\u00a0 ...<\/p>\n","protected":false},"author":23,"featured_media":206253,"comment_status":"closed","ping_status":"closed","sticky":false,"template":"","format":"standard","meta":[],"categories":[145,125,164],"tags":[],"_links":{"self":[{"href":"https:\/\/rna.ao\/rna.ao\/wp-json\/wp\/v2\/posts\/206250"}],"collection":[{"href":"https:\/\/rna.ao\/rna.ao\/wp-json\/wp\/v2\/posts"}],"about":[{"href":"https:\/\/rna.ao\/rna.ao\/wp-json\/wp\/v2\/types\/post"}],"author":[{"embeddable":true,"href":"https:\/\/rna.ao\/rna.ao\/wp-json\/wp\/v2\/users\/23"}],"replies":[{"embeddable":true,"href":"https:\/\/rna.ao\/rna.ao\/wp-json\/wp\/v2\/comments?post=206250"}],"version-history":[{"count":4,"href":"https:\/\/rna.ao\/rna.ao\/wp-json\/wp\/v2\/posts\/206250\/revisions"}],"predecessor-version":[{"id":206401,"href":"https:\/\/rna.ao\/rna.ao\/wp-json\/wp\/v2\/posts\/206250\/revisions\/206401"}],"wp:featuredmedia":[{"embeddable":true,"href":"https:\/\/rna.ao\/rna.ao\/wp-json\/wp\/v2\/media\/206253"}],"wp:attachment":[{"href":"https:\/\/rna.ao\/rna.ao\/wp-json\/wp\/v2\/media?parent=206250"}],"wp:term":[{"taxonomy":"category","embeddable":true,"href":"https:\/\/rna.ao\/rna.ao\/wp-json\/wp\/v2\/categories?post=206250"},{"taxonomy":"post_tag","embeddable":true,"href":"https:\/\/rna.ao\/rna.ao\/wp-json\/wp\/v2\/tags?post=206250"}],"curies":[{"name":"wp","href":"https:\/\/api.w.org\/{rel}","templated":true}]}}