{"id":206226,"date":"2026-01-29T08:02:18","date_gmt":"2026-01-29T07:02:18","guid":{"rendered":"https:\/\/rna.ao\/rna.ao\/?p=206226"},"modified":"2026-01-29T08:08:03","modified_gmt":"2026-01-29T07:08:03","slug":"206226","status":"publish","type":"post","link":"https:\/\/rna.ao\/rna.ao\/2026\/01\/29\/206226\/","title":{"rendered":"MINJUD: XIV Conselho Consultivo coloca sobre \u00e0 mesa no segundo e \u00faltimo dia de trabalhos pacote legislativo com destaque para contratos-programa"},"content":{"rendered":"<p style=\"font-weight: 400;\"><img loading=\"lazy\" class=\"alignnone size-medium wp-image-206230\" src=\"https:\/\/rna.ao\/rna.ao\/wp-content\/uploads\/2026\/01\/rui-falcao.jpg\" alt=\"\" width=\"297\" height=\"184\" \/> <img loading=\"lazy\" class=\"alignnone size-medium wp-image-206231\" src=\"https:\/\/rna.ao\/rna.ao\/wp-content\/uploads\/2026\/01\/minjud-conslhooooo.jpg\" alt=\"\" width=\"270\" height=\"338\" \/><\/p>\n<p style=\"font-weight: 400;\">A discuss\u00e3o do pacote legislativo, assim como o estudo e an\u00e1lise dos projectos dos Decretos Presidenciais que aprovam o Regime Jur\u00eddico dos Contratos-Programa Desportivos e o Regime Jur\u00eddico das Infra-estruturas desportivas, bem como a aprova\u00e7\u00e3o do Regulamento do Pr\u00e9mio Nacional do Desporto, s\u00e3o analisados hoje, quinta- feira, 28, \u00faltimo dia do XIV Conselho Consultivo do MINJUD, os seus pontos altos. O Ministro Rui Falc\u00e3o Pinto de Andrade sublinha a import\u00e2ncia da realiza\u00e7\u00e3o do conclave e, ao mesmo tempo ressalta o que esteve e vai estar ainda em an\u00e1lise e discuss\u00e3o. Clique no \u00e1udio abaixo e ou\u00e7a:<\/p>\n\t<div class=\"qtmplayer-playlist-large\">\n\t\t<ul class=\"qtmplayer-playlist\">\n\t\t\t\n\t\t\t\t\t<li class=\"qtmplayer-trackitem\">\n\t\t<img src=\"https:\/\/rna.ao\/rna.ao\/wp-content\/uploads\/2026\/01\/minjud-conselho-consultivo-100x100.jpg\" alt=\"cover\">\t\t<span \t\t\tdata-qtmplayer-cover=\"https:\/\/rna.ao\/rna.ao\/wp-content\/uploads\/2026\/01\/minjud-conselho-consultivo.jpg\"\n\t\t\t\t\t\tdata-qtmplayer-file=\"https:\/\/rna.ao\/rna.ao\/wp-content\/uploads\/2026\/01\/1-RUI-FALCAO-29-01-26.mp3\"\n\t\t\t\t\t\tdata-qtmplayer-title=\"MINJUD: XIV Conselho Consultivo coloca sobre \u00e0 mesa no segundo e \u00faltimo dia de trabalhos pacote legislativo com destaque para contratos-programa\"\n\t\t\t\t\t\tdata-qtmplayer-artist=\"Ant\u00f3nio Augusto\"\n\t\t\t\t\t\tdata-qtmplayer-link=\"https:\/\/rna.ao\/rna.ao\/2026\/01\/29\/206226\/\"\n\t\t\t\t\t\tdata-qtmplayer-icon=\"file_download\"\n\t\t\t\t\t\tdata-qtmplayer-type=\"track\"\n\t\t\t class=\"qtmplayer-play qtmplayer-link-sec qtmplayer-play-btn\"><i class='material-icons'>play_arrow<\/i><\/span>\n\t\t<p>\n\t\t\t<span class=\"qtmplayer-tit\">MINJUD: XIV Conselho Consultivo coloca sobre \u00e0 mesa no segundo e \u00faltimo dia de trabalhos pacote legislativo com destaque para contratos-programa<\/span>\n\t\t\t<span class=\"qtmplayer-art\">Ant\u00f3nio Augusto<\/span>\n\t\t<\/p>\n\t<\/li>\n\t\t<\/ul>\n\t<\/div>\t\t\t\n\t\n<p>Quem destaca exatamente a an\u00e1lise e discuss\u00e3o desses importantes documentos, na discuss\u00e3o do pacote legislativo, \u00e9 Domingos Nascimento, um dos vice-presidentes da Federa\u00e7\u00e3o Angolana de Andebol. Clique no \u00e1udio abaixo e ou\u00e7a:<\/p>\n\t<div class=\"qtmplayer-playlist-large\">\n\t\t<ul class=\"qtmplayer-playlist\">\n\t\t\t\n\t\t\t\t\t<li class=\"qtmplayer-trackitem\">\n\t\t<img src=\"https:\/\/rna.ao\/rna.ao\/wp-content\/uploads\/2026\/01\/minjud-conselho-consultivo-100x100.jpg\" alt=\"cover\">\t\t<span \t\t\tdata-qtmplayer-cover=\"https:\/\/rna.ao\/rna.ao\/wp-content\/uploads\/2026\/01\/minjud-conselho-consultivo.jpg\"\n\t\t\t\t\t\tdata-qtmplayer-file=\"https:\/\/rna.ao\/rna.ao\/wp-content\/uploads\/2026\/01\/2-DOMINGOS-NASCIMENTO-29-01-26.mp3\"\n\t\t\t\t\t\tdata-qtmplayer-title=\"MINJUD: XIV Conselho Consultivo coloca sobre \u00e0 mesa no segundo e \u00faltimo dia de trabalhos pacote legislativo com destaque para contratos-programa\"\n\t\t\t\t\t\tdata-qtmplayer-artist=\"Ant\u00f3nio Augusto\"\n\t\t\t\t\t\tdata-qtmplayer-link=\"https:\/\/rna.ao\/rna.ao\/2026\/01\/29\/206226\/\"\n\t\t\t\t\t\tdata-qtmplayer-icon=\"file_download\"\n\t\t\t\t\t\tdata-qtmplayer-type=\"track\"\n\t\t\t class=\"qtmplayer-play qtmplayer-link-sec qtmplayer-play-btn\"><i class='material-icons'>play_arrow<\/i><\/span>\n\t\t<p>\n\t\t\t<span class=\"qtmplayer-tit\">MINJUD: XIV Conselho Consultivo coloca sobre \u00e0 mesa no segundo e \u00faltimo dia de trabalhos pacote legislativo com destaque para contratos-programa<\/span>\n\t\t\t<span class=\"qtmplayer-art\">Ant\u00f3nio Augusto<\/span>\n\t\t<\/p>\n\t<\/li>\n\t\t<\/ul>\n\t<\/div>\t\t\t\n\t\n<p>Satisfeito e expetante com rela\u00e7\u00e3o ao que vai garantir este conclave da fam\u00edlia do desporto no pa\u00eds, est\u00e1 o General Gouveia de S\u00e1 Miranda, o presidente do clube 1\u00ba D\u2019Agosto. Clique no \u00e1udio abaixo e ou\u00e7a:<\/p>\n\t<div class=\"qtmplayer-playlist-large\">\n\t\t<ul class=\"qtmplayer-playlist\">\n\t\t\t\n\t\t\t\t\t<li class=\"qtmplayer-trackitem\">\n\t\t<img src=\"https:\/\/rna.ao\/rna.ao\/wp-content\/uploads\/2026\/01\/minjud-conselho-consultivo-100x100.jpg\" alt=\"cover\">\t\t<span \t\t\tdata-qtmplayer-cover=\"https:\/\/rna.ao\/rna.ao\/wp-content\/uploads\/2026\/01\/minjud-conselho-consultivo.jpg\"\n\t\t\t\t\t\tdata-qtmplayer-file=\"https:\/\/rna.ao\/rna.ao\/wp-content\/uploads\/2026\/01\/3-GOUVEIA-DE-SA-MIRANDA-29-01-26.mp3\"\n\t\t\t\t\t\tdata-qtmplayer-title=\"MINJUD: XIV Conselho Consultivo coloca sobre \u00e0 mesa no segundo e \u00faltimo dia de trabalhos pacote legislativo com destaque para contratos-programa\"\n\t\t\t\t\t\tdata-qtmplayer-artist=\"Ant\u00f3nio Augusto\"\n\t\t\t\t\t\tdata-qtmplayer-link=\"https:\/\/rna.ao\/rna.ao\/2026\/01\/29\/206226\/\"\n\t\t\t\t\t\tdata-qtmplayer-icon=\"file_download\"\n\t\t\t\t\t\tdata-qtmplayer-type=\"track\"\n\t\t\t class=\"qtmplayer-play qtmplayer-link-sec qtmplayer-play-btn\"><i class='material-icons'>play_arrow<\/i><\/span>\n\t\t<p>\n\t\t\t<span class=\"qtmplayer-tit\">MINJUD: XIV Conselho Consultivo coloca sobre \u00e0 mesa no segundo e \u00faltimo dia de trabalhos pacote legislativo com destaque para contratos-programa<\/span>\n\t\t\t<span class=\"qtmplayer-art\">Ant\u00f3nio Augusto<\/span>\n\t\t<\/p>\n\t<\/li>\n\t\t<\/ul>\n\t<\/div>\t\t\t\n\t\n","protected":false},"excerpt":{"rendered":"<p>A discuss\u00e3o do pacote legislativo, assim como o estudo e an\u00e1lise dos projectos dos Decretos Presidenciais que aprovam o Regime Jur\u00eddico dos Contratos-Programa Desportivos e o Regime Jur\u00eddico das Infra-estruturas desportivas, bem como a aprova\u00e7\u00e3o do Regulamento do Pr\u00e9mio Nacional do Desporto, s\u00e3o analisados hoje, quinta- feira, 28, \u00faltimo dia ...<\/p>\n","protected":false},"author":23,"featured_media":206229,"comment_status":"closed","ping_status":"closed","sticky":false,"template":"","format":"standard","meta":[],"categories":[145,125,164,1],"tags":[],"_links":{"self":[{"href":"https:\/\/rna.ao\/rna.ao\/wp-json\/wp\/v2\/posts\/206226"}],"collection":[{"href":"https:\/\/rna.ao\/rna.ao\/wp-json\/wp\/v2\/posts"}],"about":[{"href":"https:\/\/rna.ao\/rna.ao\/wp-json\/wp\/v2\/types\/post"}],"author":[{"embeddable":true,"href":"https:\/\/rna.ao\/rna.ao\/wp-json\/wp\/v2\/users\/23"}],"replies":[{"embeddable":true,"href":"https:\/\/rna.ao\/rna.ao\/wp-json\/wp\/v2\/comments?post=206226"}],"version-history":[{"count":5,"href":"https:\/\/rna.ao\/rna.ao\/wp-json\/wp\/v2\/posts\/206226\/revisions"}],"predecessor-version":[{"id":206238,"href":"https:\/\/rna.ao\/rna.ao\/wp-json\/wp\/v2\/posts\/206226\/revisions\/206238"}],"wp:featuredmedia":[{"embeddable":true,"href":"https:\/\/rna.ao\/rna.ao\/wp-json\/wp\/v2\/media\/206229"}],"wp:attachment":[{"href":"https:\/\/rna.ao\/rna.ao\/wp-json\/wp\/v2\/media?parent=206226"}],"wp:term":[{"taxonomy":"category","embeddable":true,"href":"https:\/\/rna.ao\/rna.ao\/wp-json\/wp\/v2\/categories?post=206226"},{"taxonomy":"post_tag","embeddable":true,"href":"https:\/\/rna.ao\/rna.ao\/wp-json\/wp\/v2\/tags?post=206226"}],"curies":[{"name":"wp","href":"https:\/\/api.w.org\/{rel}","templated":true}]}}