{"id":206163,"date":"2026-01-28T10:43:12","date_gmt":"2026-01-28T09:43:12","guid":{"rendered":"https:\/\/rna.ao\/rna.ao\/?p=206163"},"modified":"2026-01-28T10:43:12","modified_gmt":"2026-01-28T09:43:12","slug":"projecto-de-requalificacao-da-urbanizacao-nova-vida-vai-custar-mais-de-duzentos-milhoes-de-euros-acto-de-consignacao-da-obra-aconteceu-esta-terca-feira","status":"publish","type":"post","link":"https:\/\/rna.ao\/rna.ao\/2026\/01\/28\/projecto-de-requalificacao-da-urbanizacao-nova-vida-vai-custar-mais-de-duzentos-milhoes-de-euros-acto-de-consignacao-da-obra-aconteceu-esta-terca-feira\/","title":{"rendered":"Projecto de requalifica\u00e7\u00e3o da Urbaniza\u00e7\u00e3o Nova Vida vai custar mais de duzentos milh\u00f5es de Euros. Acto de consigna\u00e7\u00e3o da obra aconteceu esta ter\u00e7a-feira"},"content":{"rendered":"<p><img loading=\"lazy\" class=\"alignnone size-medium wp-image-206165\" src=\"https:\/\/rna.ao\/rna.ao\/wp-content\/uploads\/2026\/01\/WhatsApp-Image-2026-01-28-at-10.42.10-483x770.jpeg\" alt=\"\" width=\"483\" height=\"770\" srcset=\"https:\/\/rna.ao\/rna.ao\/wp-content\/uploads\/2026\/01\/WhatsApp-Image-2026-01-28-at-10.42.10-483x770.jpeg 483w, https:\/\/rna.ao\/rna.ao\/wp-content\/uploads\/2026\/01\/WhatsApp-Image-2026-01-28-at-10.42.10-734x1170.jpeg 734w, https:\/\/rna.ao\/rna.ao\/wp-content\/uploads\/2026\/01\/WhatsApp-Image-2026-01-28-at-10.42.10-768x1224.jpeg 768w, https:\/\/rna.ao\/rna.ao\/wp-content\/uploads\/2026\/01\/WhatsApp-Image-2026-01-28-at-10.42.10.jpeg 803w\" sizes=\"(max-width: 483px) 100vw, 483px\" \/><\/p>\n<p>A Urbaniza\u00e7\u00e3o Nova Vida, aqui em Luanda vai ser requalificada. O acto de consigna\u00e7\u00e3o da obra aconteceu esta ter\u00e7a-feira, 27 de Janeiro. As obras avaliadas em mais de duzentos milh\u00f5es de euros v\u00e3o durar dois anos.<\/p>\n<p>O Governador de Luanda, Lu\u00eds Nunes, assegurou que o inicio da empreitada representa o compromisso do executivo de melhorar a imagem da capital do pa\u00eds. Tom\u00e9 Armando. Clique no \u00e1udio abaixo e ou\u00e7a:<\/p>\n\t<div class=\"qtmplayer-playlist-large\">\n\t\t<ul class=\"qtmplayer-playlist\">\n\t\t\t\n\t\t\t\t\t<li class=\"qtmplayer-trackitem\">\n\t\t<img src=\"https:\/\/rna.ao\/rna.ao\/wp-content\/uploads\/2026\/01\/WhatsApp-Image-2026-01-28-at-10.42.10-100x100.jpeg\" alt=\"cover\">\t\t<span \t\t\tdata-qtmplayer-cover=\"https:\/\/rna.ao\/rna.ao\/wp-content\/uploads\/2026\/01\/WhatsApp-Image-2026-01-28-at-10.42.10-370x370.jpeg\"\n\t\t\t\t\t\tdata-qtmplayer-file=\"https:\/\/rna.ao\/rna.ao\/wp-content\/uploads\/2026\/01\/TOME-ARMANDO-07-HRS.mp3\"\n\t\t\t\t\t\tdata-qtmplayer-title=\"Projecto de requalifica\u00e7\u00e3o da Urbaniza\u00e7\u00e3o Nova Vida vai custar mais de duzentos milh\u00f5es de Euros. Acto de consigna\u00e7\u00e3o da obra aconteceu esta ter\u00e7a-feira\"\n\t\t\t\t\t\tdata-qtmplayer-artist=\"Patr\u00edcia Campos\"\n\t\t\t\t\t\tdata-qtmplayer-link=\"https:\/\/rna.ao\/rna.ao\/2026\/01\/28\/projecto-de-requalificacao-da-urbanizacao-nova-vida-vai-custar-mais-de-duzentos-milhoes-de-euros-acto-de-consignacao-da-obra-aconteceu-esta-terca-feira\/\"\n\t\t\t\t\t\tdata-qtmplayer-icon=\"file_download\"\n\t\t\t\t\t\tdata-qtmplayer-type=\"track\"\n\t\t\t class=\"qtmplayer-play qtmplayer-link-sec qtmplayer-play-btn\"><i class='material-icons'>play_arrow<\/i><\/span>\n\t\t<p>\n\t\t\t<span class=\"qtmplayer-tit\">Projecto de requalifica\u00e7\u00e3o da Urbaniza\u00e7\u00e3o Nova Vida vai custar mais de duzentos milh\u00f5es de Euros. Acto de consigna\u00e7\u00e3o da obra aconteceu esta ter\u00e7a-feira<\/span>\n\t\t\t<span class=\"qtmplayer-art\">Patr\u00edcia Campos<\/span>\n\t\t<\/p>\n\t<\/li>\n\t\t<\/ul>\n\t<\/div>\t\t\t\n\t\n<p>&nbsp;<\/p>\n<p>&nbsp;<\/p>\n<p>&nbsp;<\/p>\n","protected":false},"excerpt":{"rendered":"<p>A Urbaniza\u00e7\u00e3o Nova Vida, aqui em Luanda vai ser requalificada. O acto de consigna\u00e7\u00e3o da obra aconteceu esta ter\u00e7a-feira, 27 de Janeiro. As obras avaliadas em mais de duzentos milh\u00f5es de euros v\u00e3o durar dois anos. O Governador de Luanda, Lu\u00eds Nunes, assegurou que o inicio da empreitada representa o ...<\/p>\n","protected":false},"author":21,"featured_media":206165,"comment_status":"closed","ping_status":"closed","sticky":false,"template":"","format":"standard","meta":[],"categories":[142,121,164,163],"tags":[],"_links":{"self":[{"href":"https:\/\/rna.ao\/rna.ao\/wp-json\/wp\/v2\/posts\/206163"}],"collection":[{"href":"https:\/\/rna.ao\/rna.ao\/wp-json\/wp\/v2\/posts"}],"about":[{"href":"https:\/\/rna.ao\/rna.ao\/wp-json\/wp\/v2\/types\/post"}],"author":[{"embeddable":true,"href":"https:\/\/rna.ao\/rna.ao\/wp-json\/wp\/v2\/users\/21"}],"replies":[{"embeddable":true,"href":"https:\/\/rna.ao\/rna.ao\/wp-json\/wp\/v2\/comments?post=206163"}],"version-history":[{"count":1,"href":"https:\/\/rna.ao\/rna.ao\/wp-json\/wp\/v2\/posts\/206163\/revisions"}],"predecessor-version":[{"id":206166,"href":"https:\/\/rna.ao\/rna.ao\/wp-json\/wp\/v2\/posts\/206163\/revisions\/206166"}],"wp:featuredmedia":[{"embeddable":true,"href":"https:\/\/rna.ao\/rna.ao\/wp-json\/wp\/v2\/media\/206165"}],"wp:attachment":[{"href":"https:\/\/rna.ao\/rna.ao\/wp-json\/wp\/v2\/media?parent=206163"}],"wp:term":[{"taxonomy":"category","embeddable":true,"href":"https:\/\/rna.ao\/rna.ao\/wp-json\/wp\/v2\/categories?post=206163"},{"taxonomy":"post_tag","embeddable":true,"href":"https:\/\/rna.ao\/rna.ao\/wp-json\/wp\/v2\/tags?post=206163"}],"curies":[{"name":"wp","href":"https:\/\/api.w.org\/{rel}","templated":true}]}}