{"id":206124,"date":"2026-01-28T09:32:28","date_gmt":"2026-01-28T08:32:28","guid":{"rendered":"https:\/\/rna.ao\/rna.ao\/?p=206124"},"modified":"2026-01-28T09:32:28","modified_gmt":"2026-01-28T08:32:28","slug":"tribunal-constitucional-chumba-recurso-interposto-por-manuel-rabelais","status":"publish","type":"post","link":"https:\/\/rna.ao\/rna.ao\/2026\/01\/28\/tribunal-constitucional-chumba-recurso-interposto-por-manuel-rabelais\/","title":{"rendered":"Tribunal Constitucional chumba recurso interposto por Manuel Rabelais"},"content":{"rendered":"<p><img loading=\"lazy\" class=\"alignnone size-full wp-image-12388\" src=\"https:\/\/rna.ao\/rna.ao\/wp-content\/uploads\/2020\/12\/Manuel-Rabelais.jpg\" alt=\"\" width=\"280\" height=\"176\" \/><\/p>\n<p>O Tribunal Constitucional chumbou o recurso extraordin\u00e1rio de inconstitucionalidade de Manuel Rabelais. De acordo com o plen\u00e1rio do constitucional, o ac\u00f3rd\u00e3o recorrido n\u00e3o viola princ\u00edpios, direitos e garantias consagradas na constitui\u00e7\u00e3o da rep\u00fablica.<br \/>\nA decis\u00e3o consta do ac\u00f3rd\u00e3o 1050\/2025 em que Manuel Rabelais solicitava ao Tribunal a reaprecia\u00e7\u00e3o do caso, com fundamento na inconstitucionalidade da decis\u00e3o do supremo do dia 16 de 2022 e que declarasse a nulidade do ac\u00f3rd\u00e3o e a manuten\u00e7\u00e3o da liberdade.<br \/>\nA decis\u00e3o do tribunal constitucional versa sobre Manuel Rabelais ,condenado no Supremo a sete anos de pris\u00e3o, pelos crimes de peculato e branqueamento de capitais e Hil\u00e1rio dos<br \/>\nSantos condenado a pena de quarto anos e seis meses de pris\u00e3o, pelos crimes de peculato e branqueamento de capitais.<\/p>\n","protected":false},"excerpt":{"rendered":"<p>O Tribunal Constitucional chumbou o recurso extraordin\u00e1rio de inconstitucionalidade de Manuel Rabelais. De acordo com o plen\u00e1rio do constitucional, o ac\u00f3rd\u00e3o recorrido n\u00e3o viola princ\u00edpios, direitos e garantias consagradas na constitui\u00e7\u00e3o da rep\u00fablica. A decis\u00e3o consta do ac\u00f3rd\u00e3o 1050\/2025 em que Manuel Rabelais solicitava ao Tribunal a reaprecia\u00e7\u00e3o do caso, ...<\/p>\n","protected":false},"author":21,"featured_media":12388,"comment_status":"closed","ping_status":"closed","sticky":false,"template":"","format":"standard","meta":[],"categories":[142,121,164,163],"tags":[],"_links":{"self":[{"href":"https:\/\/rna.ao\/rna.ao\/wp-json\/wp\/v2\/posts\/206124"}],"collection":[{"href":"https:\/\/rna.ao\/rna.ao\/wp-json\/wp\/v2\/posts"}],"about":[{"href":"https:\/\/rna.ao\/rna.ao\/wp-json\/wp\/v2\/types\/post"}],"author":[{"embeddable":true,"href":"https:\/\/rna.ao\/rna.ao\/wp-json\/wp\/v2\/users\/21"}],"replies":[{"embeddable":true,"href":"https:\/\/rna.ao\/rna.ao\/wp-json\/wp\/v2\/comments?post=206124"}],"version-history":[{"count":1,"href":"https:\/\/rna.ao\/rna.ao\/wp-json\/wp\/v2\/posts\/206124\/revisions"}],"predecessor-version":[{"id":206125,"href":"https:\/\/rna.ao\/rna.ao\/wp-json\/wp\/v2\/posts\/206124\/revisions\/206125"}],"wp:featuredmedia":[{"embeddable":true,"href":"https:\/\/rna.ao\/rna.ao\/wp-json\/wp\/v2\/media\/12388"}],"wp:attachment":[{"href":"https:\/\/rna.ao\/rna.ao\/wp-json\/wp\/v2\/media?parent=206124"}],"wp:term":[{"taxonomy":"category","embeddable":true,"href":"https:\/\/rna.ao\/rna.ao\/wp-json\/wp\/v2\/categories?post=206124"},{"taxonomy":"post_tag","embeddable":true,"href":"https:\/\/rna.ao\/rna.ao\/wp-json\/wp\/v2\/tags?post=206124"}],"curies":[{"name":"wp","href":"https:\/\/api.w.org\/{rel}","templated":true}]}}