{"id":206121,"date":"2026-01-28T09:14:06","date_gmt":"2026-01-28T08:14:06","guid":{"rendered":"https:\/\/rna.ao\/rna.ao\/?p=206121"},"modified":"2026-01-28T09:14:06","modified_gmt":"2026-01-28T08:14:06","slug":"judocas-cumprem-estagio-em-portugal","status":"publish","type":"post","link":"https:\/\/rna.ao\/rna.ao\/2026\/01\/28\/judocas-cumprem-estagio-em-portugal\/","title":{"rendered":"Judocas cumprem est\u00e1gio em Portugal"},"content":{"rendered":"<p style=\"font-weight: 400;\"><img loading=\"lazy\" class=\"size-full wp-image-151729 aligncenter\" src=\"https:\/\/rna.ao\/rna.ao\/wp-content\/uploads\/2024\/08\/judocas-angolanos-africano-dos-camaroes.jpg\" alt=\"\" width=\"372\" height=\"213\" srcset=\"https:\/\/rna.ao\/rna.ao\/wp-content\/uploads\/2024\/08\/judocas-angolanos-africano-dos-camaroes.jpg 372w, https:\/\/rna.ao\/rna.ao\/wp-content\/uploads\/2024\/08\/judocas-angolanos-africano-dos-camaroes-370x213.jpg 370w\" sizes=\"(max-width: 372px) 100vw, 372px\" \/>A selec\u00e7\u00e3o nacional s\u00e9nior em ambas as classes de Judo estagia neste momento em Portugal, tendo em aten\u00e7\u00e3o a participa\u00e7\u00e3o no Circu\u00edto Mundial, o Grand Slam que vai acontecer nos dias 7 e 8 de Fevereiro que vem em Paris\/Fran\u00e7a.<\/p>\n<p style=\"font-weight: 400;\">Os nossos judocas v\u00eam de uma participa\u00e7\u00e3o positiva do Open Africano da modalidade que teve como palco, Casablanca no Reino do Marrocos, e de onde obtiveram duas medalhas, 1 de prata e outra de bronze.<\/p>\n<p style=\"font-weight: 400;\">A prata foi conquistada nos -81 kgs por Ant\u00f3nio Candeeiro que perdeu na final com o representante do Ir\u00e3o. Antes venceu nos oitavos de final um canadiano, nos quartos, um brit\u00e2nico e nas meias finais um estoniano.<\/p>\n<p style=\"font-weight: 400;\">J\u00e1 a medalha de bronze foi garantida por Leonardo Barros nos -60 kgs, que depois de triunfos sobre oponentes da Fran\u00e7a, Gr\u00e3-Bretanha e Canad\u00e1, caiu frente a um russo e um marroquino.<\/p>\n<p style=\"font-weight: 400;\">Na classe feminina, as atletas, Maria Segunda (-48 kgs), Diassonema Mucungui (-70 kgs) e Fernanda Kimbira (+78 kgs), n\u00e3o passaram da primeira fase.<\/p>\n<p style=\"font-weight: 400;\">Participaram na competi\u00e7\u00e3o exatamente 42 na\u00e7\u00f5es numa competi\u00e7\u00e3o enquadrada no circu\u00edto da Federa\u00e7\u00e3o Internacional de Judo.<\/p>\n","protected":false},"excerpt":{"rendered":"<p>A selec\u00e7\u00e3o nacional s\u00e9nior em ambas as classes de Judo estagia neste momento em Portugal, tendo em aten\u00e7\u00e3o a participa\u00e7\u00e3o no Circu\u00edto Mundial, o Grand Slam que vai acontecer nos dias 7 e 8 de Fevereiro que vem em Paris\/Fran\u00e7a. Os nossos judocas v\u00eam de uma participa\u00e7\u00e3o positiva do Open ...<\/p>\n","protected":false},"author":23,"featured_media":136760,"comment_status":"closed","ping_status":"closed","sticky":false,"template":"","format":"standard","meta":[],"categories":[145,125,164],"tags":[],"_links":{"self":[{"href":"https:\/\/rna.ao\/rna.ao\/wp-json\/wp\/v2\/posts\/206121"}],"collection":[{"href":"https:\/\/rna.ao\/rna.ao\/wp-json\/wp\/v2\/posts"}],"about":[{"href":"https:\/\/rna.ao\/rna.ao\/wp-json\/wp\/v2\/types\/post"}],"author":[{"embeddable":true,"href":"https:\/\/rna.ao\/rna.ao\/wp-json\/wp\/v2\/users\/23"}],"replies":[{"embeddable":true,"href":"https:\/\/rna.ao\/rna.ao\/wp-json\/wp\/v2\/comments?post=206121"}],"version-history":[{"count":1,"href":"https:\/\/rna.ao\/rna.ao\/wp-json\/wp\/v2\/posts\/206121\/revisions"}],"predecessor-version":[{"id":206122,"href":"https:\/\/rna.ao\/rna.ao\/wp-json\/wp\/v2\/posts\/206121\/revisions\/206122"}],"wp:featuredmedia":[{"embeddable":true,"href":"https:\/\/rna.ao\/rna.ao\/wp-json\/wp\/v2\/media\/136760"}],"wp:attachment":[{"href":"https:\/\/rna.ao\/rna.ao\/wp-json\/wp\/v2\/media?parent=206121"}],"wp:term":[{"taxonomy":"category","embeddable":true,"href":"https:\/\/rna.ao\/rna.ao\/wp-json\/wp\/v2\/categories?post=206121"},{"taxonomy":"post_tag","embeddable":true,"href":"https:\/\/rna.ao\/rna.ao\/wp-json\/wp\/v2\/tags?post=206121"}],"curies":[{"name":"wp","href":"https:\/\/api.w.org\/{rel}","templated":true}]}}