{"id":206107,"date":"2026-01-28T08:14:25","date_gmt":"2026-01-28T07:14:25","guid":{"rendered":"https:\/\/rna.ao\/rna.ao\/?p=206107"},"modified":"2026-01-28T08:14:25","modified_gmt":"2026-01-28T07:14:25","slug":"delegacao-do-mpla-na-china-para-formacao-no-ambito-da-cooperacao-com-o-partido-comunista-chines","status":"publish","type":"post","link":"https:\/\/rna.ao\/rna.ao\/2026\/01\/28\/delegacao-do-mpla-na-china-para-formacao-no-ambito-da-cooperacao-com-o-partido-comunista-chines\/","title":{"rendered":"Delega\u00e7\u00e3o do MPLA na China para forma\u00e7\u00e3o no \u00e2mbito da coopera\u00e7\u00e3o com o Partido Comunista Chin\u00eas"},"content":{"rendered":"<p><img loading=\"lazy\" class=\"alignnone size-medium wp-image-206108\" src=\"https:\/\/rna.ao\/rna.ao\/wp-content\/uploads\/2026\/01\/ffb9a637-6fb0-476d-92bf-dd68eec4be5d-770x578.jpeg\" alt=\"\" width=\"770\" height=\"578\" srcset=\"https:\/\/rna.ao\/rna.ao\/wp-content\/uploads\/2026\/01\/ffb9a637-6fb0-476d-92bf-dd68eec4be5d-770x578.jpeg 770w, https:\/\/rna.ao\/rna.ao\/wp-content\/uploads\/2026\/01\/ffb9a637-6fb0-476d-92bf-dd68eec4be5d-1170x878.jpeg 1170w, https:\/\/rna.ao\/rna.ao\/wp-content\/uploads\/2026\/01\/ffb9a637-6fb0-476d-92bf-dd68eec4be5d-768x576.jpeg 768w, https:\/\/rna.ao\/rna.ao\/wp-content\/uploads\/2026\/01\/ffb9a637-6fb0-476d-92bf-dd68eec4be5d-1536x1152.jpeg 1536w, https:\/\/rna.ao\/rna.ao\/wp-content\/uploads\/2026\/01\/ffb9a637-6fb0-476d-92bf-dd68eec4be5d.jpeg 1600w\" sizes=\"(max-width: 770px) 100vw, 770px\" \/>Uma delega\u00e7\u00e3o do MPLA encontra-se na Rep\u00fablica Popular da China, onde participa num programa de forma\u00e7\u00e3o e interc\u00e2mbio pol\u00edtico, no \u00e2mbito da coopera\u00e7\u00e3o entre o MPLA e o Partido Comunista da China.<\/p>\n<p>A forma\u00e7\u00e3o enquadra-se no processo de aprofundamento das rela\u00e7\u00f5es entre os dois partidos e tem como objectivo a troca de experi\u00eancias em mat\u00e9rias de governa\u00e7\u00e3o, fortalecimento partid\u00e1rio, organiza\u00e7\u00e3o pol\u00edtica e desenvolvimento nacional, visando a capacita\u00e7\u00e3o cont\u00ednua dos quadros do partido que governa Angola.<\/p>\n","protected":false},"excerpt":{"rendered":"<p>Uma delega\u00e7\u00e3o do MPLA encontra-se na Rep\u00fablica Popular da China, onde participa num programa de forma\u00e7\u00e3o e interc\u00e2mbio pol\u00edtico, no \u00e2mbito da coopera\u00e7\u00e3o entre o MPLA e o Partido Comunista da China. A forma\u00e7\u00e3o enquadra-se no processo de aprofundamento das rela\u00e7\u00f5es entre os dois partidos e tem como objectivo a ...<\/p>\n","protected":false},"author":16,"featured_media":206108,"comment_status":"closed","ping_status":"closed","sticky":false,"template":"","format":"standard","meta":[],"categories":[142,121,164],"tags":[],"_links":{"self":[{"href":"https:\/\/rna.ao\/rna.ao\/wp-json\/wp\/v2\/posts\/206107"}],"collection":[{"href":"https:\/\/rna.ao\/rna.ao\/wp-json\/wp\/v2\/posts"}],"about":[{"href":"https:\/\/rna.ao\/rna.ao\/wp-json\/wp\/v2\/types\/post"}],"author":[{"embeddable":true,"href":"https:\/\/rna.ao\/rna.ao\/wp-json\/wp\/v2\/users\/16"}],"replies":[{"embeddable":true,"href":"https:\/\/rna.ao\/rna.ao\/wp-json\/wp\/v2\/comments?post=206107"}],"version-history":[{"count":1,"href":"https:\/\/rna.ao\/rna.ao\/wp-json\/wp\/v2\/posts\/206107\/revisions"}],"predecessor-version":[{"id":206109,"href":"https:\/\/rna.ao\/rna.ao\/wp-json\/wp\/v2\/posts\/206107\/revisions\/206109"}],"wp:featuredmedia":[{"embeddable":true,"href":"https:\/\/rna.ao\/rna.ao\/wp-json\/wp\/v2\/media\/206108"}],"wp:attachment":[{"href":"https:\/\/rna.ao\/rna.ao\/wp-json\/wp\/v2\/media?parent=206107"}],"wp:term":[{"taxonomy":"category","embeddable":true,"href":"https:\/\/rna.ao\/rna.ao\/wp-json\/wp\/v2\/categories?post=206107"},{"taxonomy":"post_tag","embeddable":true,"href":"https:\/\/rna.ao\/rna.ao\/wp-json\/wp\/v2\/tags?post=206107"}],"curies":[{"name":"wp","href":"https:\/\/api.w.org\/{rel}","templated":true}]}}