{"id":206079,"date":"2026-01-27T17:18:08","date_gmt":"2026-01-27T16:18:08","guid":{"rendered":"https:\/\/rna.ao\/rna.ao\/?p=206079"},"modified":"2026-01-27T17:18:08","modified_gmt":"2026-01-27T16:18:08","slug":"caderno-reivindicativo-dos-oficiais-de-justica-e-aceite-pelo-executivo-e-sera-implementado-nos-proximos-tres-meses","status":"publish","type":"post","link":"https:\/\/rna.ao\/rna.ao\/2026\/01\/27\/caderno-reivindicativo-dos-oficiais-de-justica-e-aceite-pelo-executivo-e-sera-implementado-nos-proximos-tres-meses\/","title":{"rendered":"Caderno reivindicativo dos oficiais de justi\u00e7a \u00e9 aceite pelo Executivo e ser\u00e1 implementado nos pr\u00f3ximos tr\u00eas meses"},"content":{"rendered":"<p><img loading=\"lazy\" class=\"alignnone size-medium wp-image-206081\" src=\"https:\/\/rna.ao\/rna.ao\/wp-content\/uploads\/2026\/01\/dbfcfcd9-9860-440f-a577-3ca7985c0583-770x770.jpeg\" alt=\"\" width=\"770\" height=\"770\" srcset=\"https:\/\/rna.ao\/rna.ao\/wp-content\/uploads\/2026\/01\/dbfcfcd9-9860-440f-a577-3ca7985c0583-770x770.jpeg 770w, https:\/\/rna.ao\/rna.ao\/wp-content\/uploads\/2026\/01\/dbfcfcd9-9860-440f-a577-3ca7985c0583-150x150.jpeg 150w, https:\/\/rna.ao\/rna.ao\/wp-content\/uploads\/2026\/01\/dbfcfcd9-9860-440f-a577-3ca7985c0583-768x768.jpeg 768w, https:\/\/rna.ao\/rna.ao\/wp-content\/uploads\/2026\/01\/dbfcfcd9-9860-440f-a577-3ca7985c0583-100x100.jpeg 100w, https:\/\/rna.ao\/rna.ao\/wp-content\/uploads\/2026\/01\/dbfcfcd9-9860-440f-a577-3ca7985c0583-370x370.jpeg 370w, https:\/\/rna.ao\/rna.ao\/wp-content\/uploads\/2026\/01\/dbfcfcd9-9860-440f-a577-3ca7985c0583.jpeg 1080w\" sizes=\"(max-width: 770px) 100vw, 770px\" \/>O Minist\u00e9rio da Justi\u00e7a e o Sindicato dos Oficiais de Justi\u00e7a, sob media\u00e7\u00e3o do Minist\u00e9rio da Administra\u00e7\u00e3o P\u00fablica, Trabalho e Seguran\u00e7a Social, chegaram a um entendimento para a implementa\u00e7\u00e3o das reivindica\u00e7\u00f5es laborais apresentadas ao Executivo.<\/p>\n<p>As negocia\u00e7\u00f5es, realizadas esta segunda-feira, em Luanda, culminaram com um acordo que prev\u00ea a implementa\u00e7\u00e3o dos pontos consensualizados num prazo de tr\u00eas meses.<\/p>\n<p>O entendimento p\u00f5e fim ao impasse que vinha marcando o processo negocial e abre caminho para a melhoria das condi\u00e7\u00f5es de trabalho dos oficiais de justi\u00e7a. Jornalista Nelson Pedro. Clique no \u00e1udio e ou\u00e7a:<\/p>\n\t<div class=\"qtmplayer-playlist-large\">\n\t\t<ul class=\"qtmplayer-playlist\">\n\t\t\t\n\t\t\t\t\t<li class=\"qtmplayer-trackitem\">\n\t\t<img src=\"https:\/\/rna.ao\/rna.ao\/wp-content\/uploads\/2026\/01\/dbfcfcd9-9860-440f-a577-3ca7985c0583-100x100.jpeg\" alt=\"cover\">\t\t<span \t\t\tdata-qtmplayer-cover=\"https:\/\/rna.ao\/rna.ao\/wp-content\/uploads\/2026\/01\/dbfcfcd9-9860-440f-a577-3ca7985c0583-370x370.jpeg\"\n\t\t\t\t\t\tdata-qtmplayer-file=\"https:\/\/rna.ao\/rna.ao\/wp-content\/uploads\/2026\/01\/NELSON-PEDRO-13HRS.mp3\"\n\t\t\t\t\t\tdata-qtmplayer-title=\"Caderno reivindicativo dos oficiais de justi\u00e7a \u00e9 aceite pelo Executivo e ser\u00e1 implementado nos pr\u00f3ximos tr\u00eas meses\"\n\t\t\t\t\t\tdata-qtmplayer-artist=\"Juliana Nunes\"\n\t\t\t\t\t\tdata-qtmplayer-link=\"https:\/\/rna.ao\/rna.ao\/2026\/01\/27\/caderno-reivindicativo-dos-oficiais-de-justica-e-aceite-pelo-executivo-e-sera-implementado-nos-proximos-tres-meses\/\"\n\t\t\t\t\t\tdata-qtmplayer-icon=\"file_download\"\n\t\t\t\t\t\tdata-qtmplayer-type=\"track\"\n\t\t\t class=\"qtmplayer-play qtmplayer-link-sec qtmplayer-play-btn\"><i class='material-icons'>play_arrow<\/i><\/span>\n\t\t<p>\n\t\t\t<span class=\"qtmplayer-tit\">Caderno reivindicativo dos oficiais de justi\u00e7a \u00e9 aceite pelo Executivo e ser\u00e1 implementado nos pr\u00f3ximos tr\u00eas meses<\/span>\n\t\t\t<span class=\"qtmplayer-art\">Juliana Nunes<\/span>\n\t\t<\/p>\n\t<\/li>\n\t\t<\/ul>\n\t<\/div>\t\t\t\n\t\n","protected":false},"excerpt":{"rendered":"<p>O Minist\u00e9rio da Justi\u00e7a e o Sindicato dos Oficiais de Justi\u00e7a, sob media\u00e7\u00e3o do Minist\u00e9rio da Administra\u00e7\u00e3o P\u00fablica, Trabalho e Seguran\u00e7a Social, chegaram a um entendimento para a implementa\u00e7\u00e3o das reivindica\u00e7\u00f5es laborais apresentadas ao Executivo. As negocia\u00e7\u00f5es, realizadas esta segunda-feira, em Luanda, culminaram com um acordo que prev\u00ea a implementa\u00e7\u00e3o ...<\/p>\n","protected":false},"author":16,"featured_media":206081,"comment_status":"closed","ping_status":"closed","sticky":false,"template":"","format":"standard","meta":[],"categories":[142,121,164,163],"tags":[],"_links":{"self":[{"href":"https:\/\/rna.ao\/rna.ao\/wp-json\/wp\/v2\/posts\/206079"}],"collection":[{"href":"https:\/\/rna.ao\/rna.ao\/wp-json\/wp\/v2\/posts"}],"about":[{"href":"https:\/\/rna.ao\/rna.ao\/wp-json\/wp\/v2\/types\/post"}],"author":[{"embeddable":true,"href":"https:\/\/rna.ao\/rna.ao\/wp-json\/wp\/v2\/users\/16"}],"replies":[{"embeddable":true,"href":"https:\/\/rna.ao\/rna.ao\/wp-json\/wp\/v2\/comments?post=206079"}],"version-history":[{"count":1,"href":"https:\/\/rna.ao\/rna.ao\/wp-json\/wp\/v2\/posts\/206079\/revisions"}],"predecessor-version":[{"id":206082,"href":"https:\/\/rna.ao\/rna.ao\/wp-json\/wp\/v2\/posts\/206079\/revisions\/206082"}],"wp:featuredmedia":[{"embeddable":true,"href":"https:\/\/rna.ao\/rna.ao\/wp-json\/wp\/v2\/media\/206081"}],"wp:attachment":[{"href":"https:\/\/rna.ao\/rna.ao\/wp-json\/wp\/v2\/media?parent=206079"}],"wp:term":[{"taxonomy":"category","embeddable":true,"href":"https:\/\/rna.ao\/rna.ao\/wp-json\/wp\/v2\/categories?post=206079"},{"taxonomy":"post_tag","embeddable":true,"href":"https:\/\/rna.ao\/rna.ao\/wp-json\/wp\/v2\/tags?post=206079"}],"curies":[{"name":"wp","href":"https:\/\/api.w.org\/{rel}","templated":true}]}}