{"id":206076,"date":"2026-01-27T17:01:59","date_gmt":"2026-01-27T16:01:59","guid":{"rendered":"https:\/\/rna.ao\/rna.ao\/?p=206076"},"modified":"2026-01-27T17:01:59","modified_gmt":"2026-01-27T16:01:59","slug":"portugueses-atentos-hoje-ao-debate-entre-seguro-e-ventura-os-dois-candidatos-ao-palacio-de-belem","status":"publish","type":"post","link":"https:\/\/rna.ao\/rna.ao\/2026\/01\/27\/portugueses-atentos-hoje-ao-debate-entre-seguro-e-ventura-os-dois-candidatos-ao-palacio-de-belem\/","title":{"rendered":"Portugueses atentos hoje ao debate entre Seguro e Ventura, os dois candidatos ao Pal\u00e1cio de Bel\u00e9m"},"content":{"rendered":"<p><img loading=\"lazy\" class=\"alignnone size-medium wp-image-206077\" src=\"https:\/\/rna.ao\/rna.ao\/wp-content\/uploads\/2026\/01\/4a5ec5fb-419c-49bd-b70f-8aca19fc66c3-770x433.jpeg\" alt=\"\" width=\"770\" height=\"433\" srcset=\"https:\/\/rna.ao\/rna.ao\/wp-content\/uploads\/2026\/01\/4a5ec5fb-419c-49bd-b70f-8aca19fc66c3-770x433.jpeg 770w, https:\/\/rna.ao\/rna.ao\/wp-content\/uploads\/2026\/01\/4a5ec5fb-419c-49bd-b70f-8aca19fc66c3-1170x658.jpeg 1170w, https:\/\/rna.ao\/rna.ao\/wp-content\/uploads\/2026\/01\/4a5ec5fb-419c-49bd-b70f-8aca19fc66c3-768x432.jpeg 768w, https:\/\/rna.ao\/rna.ao\/wp-content\/uploads\/2026\/01\/4a5ec5fb-419c-49bd-b70f-8aca19fc66c3.jpeg 1280w\" sizes=\"(max-width: 770px) 100vw, 770px\" \/>Em Portugal, o pa\u00eds pol\u00edtico est\u00e1 hoje focado no debate televisivo entre os dois candidatos ao Pal\u00e1cio de Bel\u00e9m.<\/p>\n<p>Ant\u00f3nio Jos\u00e9 Seguro e Andr\u00e9 Ventura enfrentam-se na noite desta ter\u00e7a-feira, no \u00fanico debate da segunda volta, onde v\u00e3o apresentar e defender os seus argumentos na corrida \u00e0 Presid\u00eancia da Rep\u00fablica.<\/p>\n<p>Esta \u00e9 a segunda volta das elei\u00e7\u00f5es presidenciais, marcadas para o pr\u00f3ximo dia 8 de fevereiro, depois de, no domingo, os dois candidatos terem conquistado 31,1% e 23,5% dos votos, respectivamente.<\/p>\n<p>H\u00e1 uma semana, o candidato presidencial Andr\u00e9 Ventura desafiou o seu advers\u00e1rio para a realiza\u00e7\u00e3o de tr\u00eas debates durante a campanha da segunda volta, acusando-o de \u201cquerer fugir\u201d \u00e0s discuss\u00f5es por \u201cmedo do confronto\u201d.<\/p>\n<p>Dias depois, Ventura voltou a acusar Ant\u00f3nio Jos\u00e9 Seguro de ter recusado o debate organizado pelas r\u00e1dios, alegando que o candidato estaria a evitar o confronto de ideias, depois de \u201cuma campanha inteira a dizer generalidades\u201d.<\/p>\n<p>A campanha para a segunda volta das elei\u00e7\u00f5es presidenciais inicia-se no dia seguinte \u00e0 publica\u00e7\u00e3o do mapa oficial dos resultados ou, caso isso n\u00e3o aconte\u00e7a at\u00e9 l\u00e1, a partir de 31 de janeiro.<\/p>\n","protected":false},"excerpt":{"rendered":"<p>Em Portugal, o pa\u00eds pol\u00edtico est\u00e1 hoje focado no debate televisivo entre os dois candidatos ao Pal\u00e1cio de Bel\u00e9m. Ant\u00f3nio Jos\u00e9 Seguro e Andr\u00e9 Ventura enfrentam-se na noite desta ter\u00e7a-feira, no \u00fanico debate da segunda volta, onde v\u00e3o apresentar e defender os seus argumentos na corrida \u00e0 Presid\u00eancia da Rep\u00fablica. ...<\/p>\n","protected":false},"author":16,"featured_media":206077,"comment_status":"closed","ping_status":"closed","sticky":false,"template":"","format":"standard","meta":[],"categories":[143,137,163],"tags":[],"_links":{"self":[{"href":"https:\/\/rna.ao\/rna.ao\/wp-json\/wp\/v2\/posts\/206076"}],"collection":[{"href":"https:\/\/rna.ao\/rna.ao\/wp-json\/wp\/v2\/posts"}],"about":[{"href":"https:\/\/rna.ao\/rna.ao\/wp-json\/wp\/v2\/types\/post"}],"author":[{"embeddable":true,"href":"https:\/\/rna.ao\/rna.ao\/wp-json\/wp\/v2\/users\/16"}],"replies":[{"embeddable":true,"href":"https:\/\/rna.ao\/rna.ao\/wp-json\/wp\/v2\/comments?post=206076"}],"version-history":[{"count":1,"href":"https:\/\/rna.ao\/rna.ao\/wp-json\/wp\/v2\/posts\/206076\/revisions"}],"predecessor-version":[{"id":206078,"href":"https:\/\/rna.ao\/rna.ao\/wp-json\/wp\/v2\/posts\/206076\/revisions\/206078"}],"wp:featuredmedia":[{"embeddable":true,"href":"https:\/\/rna.ao\/rna.ao\/wp-json\/wp\/v2\/media\/206077"}],"wp:attachment":[{"href":"https:\/\/rna.ao\/rna.ao\/wp-json\/wp\/v2\/media?parent=206076"}],"wp:term":[{"taxonomy":"category","embeddable":true,"href":"https:\/\/rna.ao\/rna.ao\/wp-json\/wp\/v2\/categories?post=206076"},{"taxonomy":"post_tag","embeddable":true,"href":"https:\/\/rna.ao\/rna.ao\/wp-json\/wp\/v2\/tags?post=206076"}],"curies":[{"name":"wp","href":"https:\/\/api.w.org\/{rel}","templated":true}]}}