{"id":206065,"date":"2026-01-27T13:59:48","date_gmt":"2026-01-27T12:59:48","guid":{"rendered":"https:\/\/rna.ao\/rna.ao\/?p=206065"},"modified":"2026-01-27T14:00:19","modified_gmt":"2026-01-27T13:00:19","slug":"nos-proximos-tres-anos-executivo-angolano-preve-endividar-se-em-cerca-de-15-mil-milhoes-de-kwanzas","status":"publish","type":"post","link":"https:\/\/rna.ao\/rna.ao\/2026\/01\/27\/nos-proximos-tres-anos-executivo-angolano-preve-endividar-se-em-cerca-de-15-mil-milhoes-de-kwanzas\/","title":{"rendered":"Nos pr\u00f3ximos tr\u00eas anos, Executivo angolano prev\u00ea endividar-se em cerca de 15 mil milh\u00f5es de kwanzas"},"content":{"rendered":"<p><img loading=\"lazy\" class=\"alignnone size-full wp-image-206066\" src=\"https:\/\/rna.ao\/rna.ao\/wp-content\/uploads\/2026\/01\/ab1f178e-cd26-483a-9843-fd1285e35cc9.jpeg\" alt=\"\" width=\"600\" height=\"351\" \/>O Executivo angolano prev\u00ea endividar-se em cerca de 15 mil milh\u00f5es de kwanzas nos pr\u00f3ximos tr\u00eas anos.<\/p>\n<p>A Estrat\u00e9gia Nacional de Endividamento tem em conta um conjunto de riscos e dar\u00e1 um grande enfoque ao mercado interno. Jornalista Rom\u00e3o Ferreira. Clique no \u00e1udio e ou\u00e7a:<\/p>\n\t<div class=\"qtmplayer-playlist-large\">\n\t\t<ul class=\"qtmplayer-playlist\">\n\t\t\t\n\t\t\t\t\t<li class=\"qtmplayer-trackitem\">\n\t\t<img src=\"https:\/\/rna.ao\/rna.ao\/wp-content\/uploads\/2026\/01\/ab1f178e-cd26-483a-9843-fd1285e35cc9-100x100.jpeg\" alt=\"cover\">\t\t<span \t\t\tdata-qtmplayer-cover=\"https:\/\/rna.ao\/rna.ao\/wp-content\/uploads\/2026\/01\/ab1f178e-cd26-483a-9843-fd1285e35cc9.jpeg\"\n\t\t\t\t\t\tdata-qtmplayer-file=\"https:\/\/rna.ao\/rna.ao\/wp-content\/uploads\/2026\/01\/ROMAO-FERREIRA-BPC-13-HRS.mp3\"\n\t\t\t\t\t\tdata-qtmplayer-title=\"Nos pr\u00f3ximos tr\u00eas anos, Executivo angolano prev\u00ea endividar-se em cerca de 15 mil milh\u00f5es de kwanzas\"\n\t\t\t\t\t\tdata-qtmplayer-artist=\"Juliana Nunes\"\n\t\t\t\t\t\tdata-qtmplayer-link=\"https:\/\/rna.ao\/rna.ao\/2026\/01\/27\/nos-proximos-tres-anos-executivo-angolano-preve-endividar-se-em-cerca-de-15-mil-milhoes-de-kwanzas\/\"\n\t\t\t\t\t\tdata-qtmplayer-icon=\"file_download\"\n\t\t\t\t\t\tdata-qtmplayer-type=\"track\"\n\t\t\t class=\"qtmplayer-play qtmplayer-link-sec qtmplayer-play-btn\"><i class='material-icons'>play_arrow<\/i><\/span>\n\t\t<p>\n\t\t\t<span class=\"qtmplayer-tit\">Nos pr\u00f3ximos tr\u00eas anos, Executivo angolano prev\u00ea endividar-se em cerca de 15 mil milh\u00f5es de kwanzas<\/span>\n\t\t\t<span class=\"qtmplayer-art\">Juliana Nunes<\/span>\n\t\t<\/p>\n\t<\/li>\n\t\t<\/ul>\n\t<\/div>\t\t\t\n\t\n","protected":false},"excerpt":{"rendered":"<p>O Executivo angolano prev\u00ea endividar-se em cerca de 15 mil milh\u00f5es de kwanzas nos pr\u00f3ximos tr\u00eas anos. A Estrat\u00e9gia Nacional de Endividamento tem em conta um conjunto de riscos e dar\u00e1 um grande enfoque ao mercado interno. Jornalista Rom\u00e3o Ferreira. Clique no \u00e1udio e ou\u00e7a:<\/p>\n","protected":false},"author":16,"featured_media":206066,"comment_status":"closed","ping_status":"closed","sticky":false,"template":"","format":"standard","meta":[],"categories":[142,121,164,163],"tags":[],"_links":{"self":[{"href":"https:\/\/rna.ao\/rna.ao\/wp-json\/wp\/v2\/posts\/206065"}],"collection":[{"href":"https:\/\/rna.ao\/rna.ao\/wp-json\/wp\/v2\/posts"}],"about":[{"href":"https:\/\/rna.ao\/rna.ao\/wp-json\/wp\/v2\/types\/post"}],"author":[{"embeddable":true,"href":"https:\/\/rna.ao\/rna.ao\/wp-json\/wp\/v2\/users\/16"}],"replies":[{"embeddable":true,"href":"https:\/\/rna.ao\/rna.ao\/wp-json\/wp\/v2\/comments?post=206065"}],"version-history":[{"count":2,"href":"https:\/\/rna.ao\/rna.ao\/wp-json\/wp\/v2\/posts\/206065\/revisions"}],"predecessor-version":[{"id":206069,"href":"https:\/\/rna.ao\/rna.ao\/wp-json\/wp\/v2\/posts\/206065\/revisions\/206069"}],"wp:featuredmedia":[{"embeddable":true,"href":"https:\/\/rna.ao\/rna.ao\/wp-json\/wp\/v2\/media\/206066"}],"wp:attachment":[{"href":"https:\/\/rna.ao\/rna.ao\/wp-json\/wp\/v2\/media?parent=206065"}],"wp:term":[{"taxonomy":"category","embeddable":true,"href":"https:\/\/rna.ao\/rna.ao\/wp-json\/wp\/v2\/categories?post=206065"},{"taxonomy":"post_tag","embeddable":true,"href":"https:\/\/rna.ao\/rna.ao\/wp-json\/wp\/v2\/tags?post=206065"}],"curies":[{"name":"wp","href":"https:\/\/api.w.org\/{rel}","templated":true}]}}