{"id":206051,"date":"2026-01-27T13:31:18","date_gmt":"2026-01-27T12:31:18","guid":{"rendered":"https:\/\/rna.ao\/rna.ao\/?p=206051"},"modified":"2026-01-27T13:31:58","modified_gmt":"2026-01-27T12:31:58","slug":"nos-proximos-cinco-anos-as-cidades-do-luena-e-de-saurimo-ficam-ligadas-por-um-ramal-do-caminho-de-ferro-de-benguela","status":"publish","type":"post","link":"https:\/\/rna.ao\/rna.ao\/2026\/01\/27\/nos-proximos-cinco-anos-as-cidades-do-luena-e-de-saurimo-ficam-ligadas-por-um-ramal-do-caminho-de-ferro-de-benguela\/","title":{"rendered":"Nos pr\u00f3ximos cinco anos, as cidades do Luena e de Saurimo ficam ligadas por um ramal do Caminho de Ferro de Benguela"},"content":{"rendered":"<p><img loading=\"lazy\" class=\"alignnone size-medium wp-image-206052\" src=\"https:\/\/rna.ao\/rna.ao\/wp-content\/uploads\/2026\/01\/IMG_5070-770x626.jpeg\" alt=\"\" width=\"770\" height=\"626\" srcset=\"https:\/\/rna.ao\/rna.ao\/wp-content\/uploads\/2026\/01\/IMG_5070-770x626.jpeg 770w, https:\/\/rna.ao\/rna.ao\/wp-content\/uploads\/2026\/01\/IMG_5070-1170x952.jpeg 1170w, https:\/\/rna.ao\/rna.ao\/wp-content\/uploads\/2026\/01\/IMG_5070-768x625.jpeg 768w, https:\/\/rna.ao\/rna.ao\/wp-content\/uploads\/2026\/01\/IMG_5070.jpeg 1280w\" sizes=\"(max-width: 770px) 100vw, 770px\" \/>Vem a\u00ed o ramal ferrovi\u00e1rio Luena\u2013Saurimo. S\u00e3o 260 quil\u00f3metros de extens\u00e3o que v\u00e3o ligar as capitais das prov\u00edncias do Moxico e da Lunda-Sul.<\/p>\n<p>Com a sua conclus\u00e3o prevista para os pr\u00f3ximos cinco anos, o leste de Angola ficar\u00e1 ligado por via f\u00e9rrea ao Caminho de Ferro de Benguela, no quadro do projecto do Governo de interliga\u00e7\u00e3o ferrovi\u00e1ria nacional.<\/p>\n<p>Hoje, sob orienta\u00e7\u00e3o do Ministro dos Transportes, Ricardo D\u2019Abreu, teve lugar o auto de consigna\u00e7\u00e3o da empreitada, que se insere na estrat\u00e9gia de integra\u00e7\u00e3o regional da SADC. Jornalista Il\u00eddio S\u00e9rgio. Clique no \u00e1udio e ou\u00e7a:<\/p>\n\t<div class=\"qtmplayer-playlist-large\">\n\t\t<ul class=\"qtmplayer-playlist\">\n\t\t\t\n\t\t\t\t\t<li class=\"qtmplayer-trackitem\">\n\t\t<img src=\"https:\/\/rna.ao\/rna.ao\/wp-content\/uploads\/2026\/01\/IMG_5071-100x100.jpeg\" alt=\"cover\">\t\t<span \t\t\tdata-qtmplayer-cover=\"https:\/\/rna.ao\/rna.ao\/wp-content\/uploads\/2026\/01\/IMG_5071-370x370.jpeg\"\n\t\t\t\t\t\tdata-qtmplayer-file=\"https:\/\/rna.ao\/rna.ao\/wp-content\/uploads\/2026\/01\/MOXICO-RAMAL-FERROVIARIO-13-HRS.mp3\"\n\t\t\t\t\t\tdata-qtmplayer-title=\"Nos pr\u00f3ximos cinco anos, as cidades do Luena e de Saurimo ficam ligadas por um ramal do Caminho de Ferro de Benguela\"\n\t\t\t\t\t\tdata-qtmplayer-artist=\"Juliana Nunes\"\n\t\t\t\t\t\tdata-qtmplayer-link=\"https:\/\/rna.ao\/rna.ao\/2026\/01\/27\/nos-proximos-cinco-anos-as-cidades-do-luena-e-de-saurimo-ficam-ligadas-por-um-ramal-do-caminho-de-ferro-de-benguela\/\"\n\t\t\t\t\t\tdata-qtmplayer-icon=\"file_download\"\n\t\t\t\t\t\tdata-qtmplayer-type=\"track\"\n\t\t\t class=\"qtmplayer-play qtmplayer-link-sec qtmplayer-play-btn\"><i class='material-icons'>play_arrow<\/i><\/span>\n\t\t<p>\n\t\t\t<span class=\"qtmplayer-tit\">Nos pr\u00f3ximos cinco anos, as cidades do Luena e de Saurimo ficam ligadas por um ramal do Caminho de Ferro de Benguela<\/span>\n\t\t\t<span class=\"qtmplayer-art\">Juliana Nunes<\/span>\n\t\t<\/p>\n\t<\/li>\n\t\t<\/ul>\n\t<\/div>\t\t\t\n\t\n","protected":false},"excerpt":{"rendered":"<p>Vem a\u00ed o ramal ferrovi\u00e1rio Luena\u2013Saurimo. S\u00e3o 260 quil\u00f3metros de extens\u00e3o que v\u00e3o ligar as capitais das prov\u00edncias do Moxico e da Lunda-Sul. Com a sua conclus\u00e3o prevista para os pr\u00f3ximos cinco anos, o leste de Angola ficar\u00e1 ligado por via f\u00e9rrea ao Caminho de Ferro de Benguela, no quadro ...<\/p>\n","protected":false},"author":16,"featured_media":206053,"comment_status":"closed","ping_status":"closed","sticky":false,"template":"","format":"standard","meta":[],"categories":[142,121,164,163],"tags":[],"_links":{"self":[{"href":"https:\/\/rna.ao\/rna.ao\/wp-json\/wp\/v2\/posts\/206051"}],"collection":[{"href":"https:\/\/rna.ao\/rna.ao\/wp-json\/wp\/v2\/posts"}],"about":[{"href":"https:\/\/rna.ao\/rna.ao\/wp-json\/wp\/v2\/types\/post"}],"author":[{"embeddable":true,"href":"https:\/\/rna.ao\/rna.ao\/wp-json\/wp\/v2\/users\/16"}],"replies":[{"embeddable":true,"href":"https:\/\/rna.ao\/rna.ao\/wp-json\/wp\/v2\/comments?post=206051"}],"version-history":[{"count":2,"href":"https:\/\/rna.ao\/rna.ao\/wp-json\/wp\/v2\/posts\/206051\/revisions"}],"predecessor-version":[{"id":206056,"href":"https:\/\/rna.ao\/rna.ao\/wp-json\/wp\/v2\/posts\/206051\/revisions\/206056"}],"wp:featuredmedia":[{"embeddable":true,"href":"https:\/\/rna.ao\/rna.ao\/wp-json\/wp\/v2\/media\/206053"}],"wp:attachment":[{"href":"https:\/\/rna.ao\/rna.ao\/wp-json\/wp\/v2\/media?parent=206051"}],"wp:term":[{"taxonomy":"category","embeddable":true,"href":"https:\/\/rna.ao\/rna.ao\/wp-json\/wp\/v2\/categories?post=206051"},{"taxonomy":"post_tag","embeddable":true,"href":"https:\/\/rna.ao\/rna.ao\/wp-json\/wp\/v2\/tags?post=206051"}],"curies":[{"name":"wp","href":"https:\/\/api.w.org\/{rel}","templated":true}]}}