{"id":206046,"date":"2026-01-27T13:21:07","date_gmt":"2026-01-27T12:21:07","guid":{"rendered":"https:\/\/rna.ao\/rna.ao\/?p=206046"},"modified":"2026-01-27T13:22:05","modified_gmt":"2026-01-27T12:22:05","slug":"em-abril-proximo-estara-concluida-a-empreitada-do-centro-de-convencoes-da-chicala-num-investimento-de-mais-de-290-mil-milhoes-de-kwanzas-presidente-joao-lourenco-informado-sobre-a-execucao-das-obras","status":"publish","type":"post","link":"https:\/\/rna.ao\/rna.ao\/2026\/01\/27\/em-abril-proximo-estara-concluida-a-empreitada-do-centro-de-convencoes-da-chicala-num-investimento-de-mais-de-290-mil-milhoes-de-kwanzas-presidente-joao-lourenco-informado-sobre-a-execucao-das-obras\/","title":{"rendered":"Em abril pr\u00f3ximo estar\u00e1 conclu\u00edda a empreitada do Centro de Conven\u00e7\u00f5es da Chicala, num investimento de mais de 290 mil milh\u00f5es de kwanzas. Presidente Jo\u00e3o Louren\u00e7o informado sobre a execu\u00e7\u00e3o das obras"},"content":{"rendered":"<p><img loading=\"lazy\" class=\"alignnone size-medium wp-image-206047\" src=\"https:\/\/rna.ao\/rna.ao\/wp-content\/uploads\/2026\/01\/IMG_5072-770x492.jpeg\" alt=\"\" width=\"770\" height=\"492\" srcset=\"https:\/\/rna.ao\/rna.ao\/wp-content\/uploads\/2026\/01\/IMG_5072-770x492.jpeg 770w, https:\/\/rna.ao\/rna.ao\/wp-content\/uploads\/2026\/01\/IMG_5072-1170x748.jpeg 1170w, https:\/\/rna.ao\/rna.ao\/wp-content\/uploads\/2026\/01\/IMG_5072-768x491.jpeg 768w, https:\/\/rna.ao\/rna.ao\/wp-content\/uploads\/2026\/01\/IMG_5072-1536x982.jpeg 1536w, https:\/\/rna.ao\/rna.ao\/wp-content\/uploads\/2026\/01\/IMG_5072.jpeg 1600w\" sizes=\"(max-width: 770px) 100vw, 770px\" \/>No quadro da jornada de campo do Presidente da Rep\u00fablica, Jo\u00e3o Louren\u00e7o, realizada nesta ter\u00e7a-feira, 27 de Janeiro de 2026, o Chefe de Estado deixou, esta manh\u00e3, o seu gabinete de trabalho para constatar in loco o grau de execu\u00e7\u00e3o das obras do Centro de Conven\u00e7\u00f5es da Chicala, na Baixa de Luanda.<\/p>\n<p>No local, o Presidente Jo\u00e3o Louren\u00e7o recebeu informa\u00e7\u00f5es do Ministro das Obras P\u00fablicas, Urbanismo e Habita\u00e7\u00e3o, Carlos dos Santos, sobre o estado de execu\u00e7\u00e3o da empreitada.<\/p>\n<p>Segundo o governante, a obra, avaliada em mais de duzentos e noventa mil milh\u00f5es de kwanzas, dever\u00e1 estar conclu\u00edda em Abril pr\u00f3ximo.<\/p>\n<p>O empreendimento, executado por empresas nacionais, representa, de acordo com o ministro Carlos dos Santos, a express\u00e3o da capacidade dos angolanos em projectar e implementar infraestruturas de qualidade e de padr\u00e3o internacional. Jornalista Sany Fuche. Clique no \u00e1udio e ou\u00e7a:<\/p>\n\t<div class=\"qtmplayer-playlist-large\">\n\t\t<ul class=\"qtmplayer-playlist\">\n\t\t\t\n\t\t\t\t\t<li class=\"qtmplayer-trackitem\">\n\t\t<img src=\"https:\/\/rna.ao\/rna.ao\/wp-content\/uploads\/2026\/01\/IMG_5072-100x100.jpeg\" alt=\"cover\">\t\t<span \t\t\tdata-qtmplayer-cover=\"https:\/\/rna.ao\/rna.ao\/wp-content\/uploads\/2026\/01\/IMG_5072-370x370.jpeg\"\n\t\t\t\t\t\tdata-qtmplayer-file=\"https:\/\/rna.ao\/rna.ao\/wp-content\/uploads\/2026\/01\/SANY-FUCHE-13HRS-3.mp3\"\n\t\t\t\t\t\tdata-qtmplayer-title=\"Em abril pr\u00f3ximo estar\u00e1 conclu\u00edda a empreitada do Centro de Conven\u00e7\u00f5es da Chicala, num investimento de mais de 290 mil milh\u00f5es de kwanzas. Presidente Jo\u00e3o Louren\u00e7o informado sobre a execu\u00e7\u00e3o das obras\"\n\t\t\t\t\t\tdata-qtmplayer-artist=\"Juliana Nunes\"\n\t\t\t\t\t\tdata-qtmplayer-link=\"https:\/\/rna.ao\/rna.ao\/2026\/01\/27\/em-abril-proximo-estara-concluida-a-empreitada-do-centro-de-convencoes-da-chicala-num-investimento-de-mais-de-290-mil-milhoes-de-kwanzas-presidente-joao-lourenco-informado-sobre-a-execucao-das-obras\/\"\n\t\t\t\t\t\tdata-qtmplayer-icon=\"file_download\"\n\t\t\t\t\t\tdata-qtmplayer-type=\"track\"\n\t\t\t class=\"qtmplayer-play qtmplayer-link-sec qtmplayer-play-btn\"><i class='material-icons'>play_arrow<\/i><\/span>\n\t\t<p>\n\t\t\t<span class=\"qtmplayer-tit\">Em abril pr\u00f3ximo estar\u00e1 conclu\u00edda a empreitada do Centro de Conven\u00e7\u00f5es da Chicala, num investimento de mais de 290 mil milh\u00f5es de kwanzas. Presidente Jo\u00e3o Louren\u00e7o informado sobre a execu\u00e7\u00e3o das obras<\/span>\n\t\t\t<span class=\"qtmplayer-art\">Juliana Nunes<\/span>\n\t\t<\/p>\n\t<\/li>\n\t\t<\/ul>\n\t<\/div>\t\t\t\n\t\n","protected":false},"excerpt":{"rendered":"<p>No quadro da jornada de campo do Presidente da Rep\u00fablica, Jo\u00e3o Louren\u00e7o, realizada nesta ter\u00e7a-feira, 27 de Janeiro de 2026, o Chefe de Estado deixou, esta manh\u00e3, o seu gabinete de trabalho para constatar in loco o grau de execu\u00e7\u00e3o das obras do Centro de Conven\u00e7\u00f5es da Chicala, na Baixa ...<\/p>\n","protected":false},"author":16,"featured_media":206047,"comment_status":"closed","ping_status":"closed","sticky":false,"template":"","format":"standard","meta":[],"categories":[142,121,164,163],"tags":[],"_links":{"self":[{"href":"https:\/\/rna.ao\/rna.ao\/wp-json\/wp\/v2\/posts\/206046"}],"collection":[{"href":"https:\/\/rna.ao\/rna.ao\/wp-json\/wp\/v2\/posts"}],"about":[{"href":"https:\/\/rna.ao\/rna.ao\/wp-json\/wp\/v2\/types\/post"}],"author":[{"embeddable":true,"href":"https:\/\/rna.ao\/rna.ao\/wp-json\/wp\/v2\/users\/16"}],"replies":[{"embeddable":true,"href":"https:\/\/rna.ao\/rna.ao\/wp-json\/wp\/v2\/comments?post=206046"}],"version-history":[{"count":2,"href":"https:\/\/rna.ao\/rna.ao\/wp-json\/wp\/v2\/posts\/206046\/revisions"}],"predecessor-version":[{"id":206050,"href":"https:\/\/rna.ao\/rna.ao\/wp-json\/wp\/v2\/posts\/206046\/revisions\/206050"}],"wp:featuredmedia":[{"embeddable":true,"href":"https:\/\/rna.ao\/rna.ao\/wp-json\/wp\/v2\/media\/206047"}],"wp:attachment":[{"href":"https:\/\/rna.ao\/rna.ao\/wp-json\/wp\/v2\/media?parent=206046"}],"wp:term":[{"taxonomy":"category","embeddable":true,"href":"https:\/\/rna.ao\/rna.ao\/wp-json\/wp\/v2\/categories?post=206046"},{"taxonomy":"post_tag","embeddable":true,"href":"https:\/\/rna.ao\/rna.ao\/wp-json\/wp\/v2\/tags?post=206046"}],"curies":[{"name":"wp","href":"https:\/\/api.w.org\/{rel}","templated":true}]}}